{"id":1001,"date":"2015-08-05T16:37:12","date_gmt":"2015-08-05T15:37:12","guid":{"rendered":"http:\/\/academie-saintonge.org\/?p=1001"},"modified":"2016-01-28T15:21:40","modified_gmt":"2016-01-28T14:21:40","slug":"panorama-de-lannee-culturelle-saintongeaise-en-2009","status":"publish","type":"post","link":"https:\/\/academie-saintonge.org\/?p=1001","title":{"rendered":"Panorama de l&rsquo;ann\u00e9e culturelle Saintongeaise en 2009"},"content":{"rendered":"<p><a href=\"https:\/\/academie-saintonge.org\/wp-content\/uploads\/2015\/08\/badois1.jpg\"><img loading=\"lazy\" decoding=\"async\" class=\" size-full wp-image-1002 alignleft\" src=\"https:\/\/academie-saintonge.org\/wp-content\/uploads\/2015\/08\/badois1.jpg\" alt=\"badois\" width=\"170\" height=\"210\" \/><\/a>Par Marie-Dominique Montel, directeur en exercice<\/p>\n<p>Mesdames et messieurs, chers amis, bienvenue \u00e0 tous. Je d\u00e9clare ouverte cette c\u00e9r\u00e9monie des Prix de l\u2019Acad\u00e9mie de Saintonge, qui nous rassemble pour couronner les personnalit\u00e9s charentaises de l\u2019ann\u00e9e dans le domaine de la culture. C\u2019est la vocation de l\u2019Acad\u00e9mie de Saintonge, soutenue dans son action par des aides publiques et priv\u00e9es. Et je tiens \u00e0 remercier, en la personne de ses repr\u00e9sentants, le d\u00e9partement de Charente-Maritime qui \u00e9paule notre Acad\u00e9mie de son aide fid\u00e8le depuis de longes ann\u00e9es. Je le remercie d\u2019ailleurs doublement puisque cette ann\u00e9e, le conseil g\u00e9n\u00e9ral a d\u00e9cid\u00e9 de financer, de surcroit, le grand prix de l\u2019Acad\u00e9mie qui sera d\u00e9cern\u00e9 tout \u00e0 l\u2019heure. Il nous faut remercier aussi , de l\u2019int\u00e9r\u00eat qu\u2019elle manifeste pour nos travaux, la ville de Saintes qui offre \u00e0 nos rendez-vous le cadre de cette belle salle Saintonge dont le nom nous va si bien, et tous ceux, collectivit\u00e9s locales, journaux, entreprises ou personnalit\u00e9s priv\u00e9es qui ann\u00e9e apr\u00e8s ann\u00e9e, nous aident \u00e0 financer les prix et \u00e0 les faire connaitre. Il y a d\u2019ailleurs trois nouveaux prix dans notre palmar\u00e8s 2009, un prix de la ville de Royan, un prix de la ville de Rochefort et un prix Champlain, ce sont des cr\u00e9ations qui nous font bien plaisir pour les prix de Rochefort et de Royan qui viennent compl\u00e9ter le r\u00e9seau des prix des villes charentaises; c\u2019est un retour pour le prix Champlain qui avait disparu et qui renait gr\u00e2ce au M\u00e9morial de la nouvelle France et \u00e0 son directeur l\u2019Abb\u00e9 Samoride..<br \/>\nCes prix \u2013 il y en a 12 au total, plus une m\u00e9daille &#8211; qui vont r\u00e9compenser tout \u00e0 l\u2019heure, les plus excellentes r\u00e9alisations, sont la partie visible du travail de l\u2019Acad\u00e9mie. Au cours de r\u00e9unions successives les acad\u00e9miciens rep\u00e8rent, \u00e9tudient, s\u00e9lectionnent les plus beaux fleurons de notre vie culturelle.<br \/>\nJe voudrais vous parler pour une fois, un peu plus longuement des acad\u00e9miciens. Etre acad\u00e9micien ce n\u2019est pas un m\u00e9tier, d\u2019ailleurs, les 25 membres de l\u2019Acad\u00e9mie de Saintonge ont tous des activit\u00e9s professionnelles, li\u00e9es \u00e0 la culture. Vous trouverez dans la brochure, la liste des leurs accomplissements depuis notre derni\u00e8re c\u00e9r\u00e9monie des prix en octobre 2008. Par exemple, vous le verrez bient\u00f4t, notre nouvel acad\u00e9micien, \u00e9lu au premier si\u00e8ge, Jacques Bouineau, est professeur de droit \u00e0 l\u2019Universit\u00e9 de La Rochelle. Par exemple, Jean Combes et Bernard Mounier, non contents de s\u2019occuper des livres qu\u2019ils publient et des films qu\u2019ils soutiennent ou r\u00e9alisent, ont cr\u00e9\u00e9 ce printemps le \u00ab comit\u00e9 des conf\u00e9rences \u00bb de l\u2019Acad\u00e9mie qui vous permettra d\u2019aller \u00e9couter les plus brillants de nos acad\u00e9miciens ou de nos laur\u00e9ats plusieurs fois par an.<\/p>\n<p>Et puis, je voudrais vous conter sp\u00e9cialement aujourd\u2019hui l\u2019histoire de l\u2019un de nos acad\u00e9miciens, et de ses activit\u00e9s, parce que c\u2019est un homme exceptionnel, parce que c\u2019est un prince. II en a les mani\u00e8res, l\u2019\u00e9l\u00e9gance, la gentillesse et la courtoisie&#8230; Il a, de surcroit, re\u00e7u une excellente \u00e9ducation. Vous l\u2019avez devin\u00e9, c\u2019est un prince charmant. Et comme le veut la destin\u00e9e des princes charmants, un jour il s\u2019est perdu dans une for\u00eat de notre jolie province et il a aper\u00e7u au loin les tours d\u2019un ch\u00e2teau d\u00e9passant la cime des arbres. Il consulta un paysan charentais qui coupait du bois probablement et qui lui fournit aimablement quelques indications. \u00ab Mon prince, dit le paysan- et ses paroles exactes nous ont \u00e9t\u00e9 rapport\u00e9es par le chroniqueur-, il y a plus de cinquante ans que j\u2019ai ou\u00ef dire \u00e0 mon p\u00e8re qu\u2019il y avoit dans ce ch\u00e2teau une princesse, la plus belle du monde ; qu\u2019elle y devait dormir cent ans, et qu\u2019elle serait r\u00e9veill\u00e9e par le fils d\u2019un roi, \u00e0 qui elle estoit r\u00e9serv\u00e9e. \u00bb<br \/>\n\u00ab Le jeune prince, \u00e0 ce discours, se sentit tout de feu. A peine s\u2019avan\u00e7a-t-il vers le bois que tous ces grands arbres, ces ronces et ces \u00e9pines s\u2019\u00e9cart\u00e8rent d\u2019elles-m\u00eames pour le laisser passer. Il marcha vers le ch\u00e2teau, qu\u2019il voyait au bout d\u2019une grande avenue o\u00f9 il entra \u00bb. Je vais sauter quelques \u00e9pisodes, ils ne vous sont pas inconnus&#8230; Le prince \u00e9pousa la belle au bois dormant, la chronique nous rapporte que les violons et les hautbois jou\u00e8rent de vieilles pi\u00e8ces, mais excellentes, quoiqu\u2019il y eut pr\u00e9s de cent ans qu\u2019on ne les jou\u00e2t plus. Cependant tout le palais s\u2019estoit r\u00e9veill\u00e9 avec la princesse : chacun songeoit \u00e0 faire sa charge ; et, comme ils n\u2019estoient pas tous amoureux, ils voyaient bien que le ch\u00e2teau avait besoin de r\u00e9paration et que la for\u00eat qui s\u2019\u00e9tait \u00e9cart\u00e9e sur le passage du jeune prince avait laiss\u00e9 les jardins en piteux \u00e9tat. Un jour son beau-p\u00e8re lui dit : \u00ab Mon gendre, ma fille est fort satisfaite de vous et moi aussi. Toutefois j\u2019aimerais que vous me pr\u00eatiez main forte, car j\u2019ai entrepris de rendre \u00e0 ce ch\u00e2teau et \u00e0 son parc leur \u00e9clat ancien, 100 ans sans entretien laissent des traces et pour tout dire, mon gendre, nous ne serons pas trop de deux \u00bb. Le Prince, charm\u00e9 de ces paroles, et plus encore de la mani\u00e8re dont elles \u00e9taient dites, ne savait comment lui t\u00e9moigner sa joie. La princesse qui \u00e9tait pr\u00e9sente ajouta en souriant \u00ab C\u2019est vrai mon prince, vous vous \u00eates fait bien attendre \u00bb. Il reconnut la phrase qu\u2019elle lui avait dite \u00e0 leur premier regard en se r\u00e9veillant et l&rsquo;assurant qu&rsquo;il aimerait s\u2019occuper de tout ce qui \u00e9tait encore mal rang\u00e9, il r\u00e9solut de voir sur-le-champ ce qui en \u00e9tait.<br \/>\nLe prince avait fait de s\u00e9rieuses \u00e9tudes qui lui furent bien utiles, on disait de lui qu\u2019il \u00e9tait ing\u00e9nieux ou ing\u00e9nieur car la formulation n\u2019\u00e9tait pas encore bien fix\u00e9e. Il accorda une attention toute particuli\u00e8re aux jardins qui s\u2019enfon\u00e7aient doucement dans le sol mar\u00e9cageux. Il fit merveille. On murmure que le chat bott\u00e9 qui vient r\u00e9guli\u00e8rement par ici en poussa un sifflement ou peut-\u00eatre un miaulement d\u2019admiration ; les visiteurs de plus en plus nombreux, aussi. Le ch\u00e2teau dans son \u00e9crin devint un embl\u00e8me de notre province et de notre patrimoine. Le prince et la princesse donn\u00e8rent des f\u00eates inoubliables. Les altesses des alentours, les personnalit\u00e9s de la r\u00e9publique, les f\u00e9es et les personnages des conte qui passaient par l\u00e0 \u00e9taient convi\u00e9s&#8230; et les acad\u00e9miciens aussi car le prince \u00e9tait membre de l\u2019Acad\u00e9mie de Saintonge. Il \u00e9tait comp\u00e9tent et \u00e9rudit, il \u00e9crivait parfois des monographies savantes et charmantes. Par exemple sur Pierre Loti qui avait \u00e9t\u00e9 le premier \u00e0 remarquer dans la for\u00eat la pr\u00e9sence du ch\u00e2teau de la belle au bois dormant. Pour en revenir au prince, ses travaux lui donnaient du contentement, sa famille lui donnait satisfaction. Il quittait parfois son beau ch\u00e2teau pour traverser notre belle Saintonge et assister aux s\u00e9ances de notre belle Acad\u00e9mie. Comme sa femme, qui avait dormi 100 ans ce qui est excellent pour la sant\u00e9, il ne vieillissait pas ou alors tr\u00e8s peu. Un jour ils invit\u00e8rent leurs amis pour c\u00e9l\u00e9brer leurs 70 ans de mariage. Apr\u00e8s la c\u00e9r\u00e9monie dans la chapelle du ch\u00e2teau, la soir\u00e9e fut magnifique, une des ces soir\u00e9es d\u2019automne saintongeaises d\u2019une splendeur que l\u2019\u00e9t\u00e9 et le printemps jalousent. Au milieu de l\u2019affection de tous les siens, le prince nous laissa une image de charme puisque c\u2019\u00e9tait un prince charmant. C\u2019\u00e9tait aussi, on ne l\u2019a pas compris imm\u00e9diatement, une fa\u00e7on de nous dire adieu, de tirer sa r\u00e9v\u00e9rence avec son \u00e9l\u00e9gance coutumi\u00e8re. Il nous a quitt\u00e9s, quelques mois plus tard&#8230; Il s\u2019appelait Jacques Badois. Il nous manquera longtemps. Et son souvenir est li\u00e9 pour au moins 100 ans au ch\u00e2teau de la Roche Courbon.<br \/>\nJe tenais \u00e0 lui rendre hommage. La plupart des citations relatant sa vie sont tir\u00e9es d\u2019un ouvrage pr\u00e9monitoire qui parlait de lui d\u00e8s le XVIIe si\u00e8cle, \u00e9poque o\u00f9 virent le jour, presqu\u2019en m\u00eame temps, les acad\u00e9mies&#8230; et les contes de f\u00e9e ! Il s\u2019agit, vous l\u2019avez reconnu au passage, du livre des Contes de Charles Perrault.<\/p>\n","protected":false},"excerpt":{"rendered":"<p>Par Marie-Dominique Montel, directeur en exercice Mesdames et messieurs, chers amis, bienvenue \u00e0 tous. Je d\u00e9clare ouverte cette c\u00e9r\u00e9monie des Prix de l\u2019Acad\u00e9mie de Saintonge, [&hellip;]<\/p>\n","protected":false},"author":5,"featured_media":1002,"comment_status":"open","ping_status":"open","sticky":false,"template":"","format":"standard","meta":{"_acf_changed":false,"footnotes":""},"categories":[92,4,153],"tags":[],"class_list":["post-1001","post","type-post","status-publish","format-standard","has-post-thumbnail","hentry","category-92","category-archives","category-la-vie-culturelle-2009"],"acf":[],"_links":{"self":[{"href":"https:\/\/academie-saintonge.org\/index.php?rest_route=\/wp\/v2\/posts\/1001","targetHints":{"allow":["GET"]}}],"collection":[{"href":"https:\/\/academie-saintonge.org\/index.php?rest_route=\/wp\/v2\/posts"}],"about":[{"href":"https:\/\/academie-saintonge.org\/index.php?rest_route=\/wp\/v2\/types\/post"}],"author":[{"embeddable":true,"href":"https:\/\/academie-saintonge.org\/index.php?rest_route=\/wp\/v2\/users\/5"}],"replies":[{"embeddable":true,"href":"https:\/\/academie-saintonge.org\/index.php?rest_route=%2Fwp%2Fv2%2Fcomments&post=1001"}],"version-history":[{"count":1,"href":"https:\/\/academie-saintonge.org\/index.php?rest_route=\/wp\/v2\/posts\/1001\/revisions"}],"predecessor-version":[{"id":1003,"href":"https:\/\/academie-saintonge.org\/index.php?rest_route=\/wp\/v2\/posts\/1001\/revisions\/1003"}],"wp:featuredmedia":[{"embeddable":true,"href":"https:\/\/academie-saintonge.org\/index.php?rest_route=\/wp\/v2\/media\/1002"}],"wp:attachment":[{"href":"https:\/\/academie-saintonge.org\/index.php?rest_route=%2Fwp%2Fv2%2Fmedia&parent=1001"}],"wp:term":[{"taxonomy":"category","embeddable":true,"href":"https:\/\/academie-saintonge.org\/index.php?rest_route=%2Fwp%2Fv2%2Fcategories&post=1001"},{"taxonomy":"post_tag","embeddable":true,"href":"https:\/\/academie-saintonge.org\/index.php?rest_route=%2Fwp%2Fv2%2Ftags&post=1001"}],"curies":[{"name":"wp","href":"https:\/\/api.w.org\/{rel}","templated":true}]}}