{"id":1052,"date":"2015-08-06T09:23:16","date_gmt":"2015-08-06T08:23:16","guid":{"rendered":"http:\/\/academie-saintonge.org\/?p=1052"},"modified":"2016-01-29T15:06:36","modified_gmt":"2016-01-29T14:06:36","slug":"remy-prin-pour-ses-sites-internet","status":"publish","type":"post","link":"https:\/\/academie-saintonge.org\/?p=1052","title":{"rendered":"R\u00e9my Prin pour ses sites internet"},"content":{"rendered":"<p><a href=\"https:\/\/academie-saintonge.org\/wp-content\/uploads\/2015\/08\/prin.jpg\"><img loading=\"lazy\" decoding=\"async\" class=\" size-medium wp-image-1053 alignleft\" src=\"https:\/\/academie-saintonge.org\/wp-content\/uploads\/2015\/08\/prin-300x98.jpg\" alt=\"prin\" width=\"300\" height=\"98\" srcset=\"https:\/\/academie-saintonge.org\/wp-content\/uploads\/2015\/08\/prin-300x98.jpg 300w, https:\/\/academie-saintonge.org\/wp-content\/uploads\/2015\/08\/prin-760x250.jpg 760w, https:\/\/academie-saintonge.org\/wp-content\/uploads\/2015\/08\/prin.jpg 765w\" sizes=\"auto, (max-width: 300px) 100vw, 300px\" \/><\/a>Rapport de Jacques Dassi\u00e9<\/p>\n<p>Informaticien de longue date, R\u00e9my PRIN est un cr\u00e9ateur aux multiples facettes. L&rsquo;Acad\u00e9mie de Saintonge a souhait\u00e9 lui d\u00e9cerner cette m\u00e9daille du site Internet de l&rsquo;ann\u00e9e 2010 pour l&rsquo;ensemble de ses r\u00e9alisations informatiques. Sites d&rsquo;associations montrant les aspects les plus spectaculaires de notre belle Saintonge, les paysages, les monuments, la statuaire etc En particulier pour : www.parole-et-patrimoine.org\/coiffes\/<\/p>\n<p>Mais aussi :<br \/>\nwww.parole-et-patrimoine.org\/romanes\/default.htm<br \/>\nwww.valsdesaintonge.eu\/tourisme<br \/>\nwww.parole-et-patrimoine.org\/portail\/les-infos\/46-aulnay-dombre-et-de-lumiere.html<br \/>\nMonsieur R\u00e9my Prin, n\u00e9 en 1947, fut d&rsquo;abord un scientifique, ing\u00e9nieur \u00e9lectronicien, docteur en physique du solide, charg\u00e9 de recherches au CNRS. Pendant de longues ann\u00e9es il sera un informaticien responsable de la cr\u00e9ation de nombreux portails et sites internet. Puis il fonde une soci\u00e9t\u00e9 qui a rapidement acquis une excellente notori\u00e9t\u00e9 r\u00e9gionale : COSEI. Il y est Chef de projet pour la conception et la r\u00e9alisation de nombreux c\u00e9d\u00e9roms dont \u00ab\u00a0Descartes, construire la connaissance\u00a0\u00bb, \u00ab\u00a0Voyage au c\u0153ur des pierres romanes\u00a0\u00bb et \u00ab\u00a0Visages, l&rsquo;imaginaire des pierres romanes\u00a0\u00bb, prim\u00e9 aux Nations Unies, \u00e0 Gen\u00e8ve. Egalement membre du Coll\u00e8ge de Prospective Territoriale de la R\u00e9gion Poitou-Charentes et expert aupr\u00e8s de l&rsquo;Institut Europ\u00e9en des Itin\u00e9raires Culturels. Un volet de ses activit\u00e9s, consacr\u00e9 aux \u00ab\u00a0Mythes textiles fondateurs de certaines soci\u00e9t\u00e9s asiatiques\u00a0\u00bb, a \u00e9t\u00e9 r\u00e9alis\u00e9 en collaboration avec Monique Prin, son \u00e9pouse. De la po\u00e9sie aux images de nos pierres romanes ou aux dentelles de nos coiffes saintongeaises, par de tr\u00e8s nombreuses conf\u00e9rences et publications, R\u00e9my Prin \u00e9largit sa palette.<\/p>\n","protected":false},"excerpt":{"rendered":"<p>Rapport de Jacques Dassi\u00e9 Informaticien de longue date, R\u00e9my PRIN est un cr\u00e9ateur aux multiples facettes. L&rsquo;Acad\u00e9mie de Saintonge a souhait\u00e9 lui d\u00e9cerner cette m\u00e9daille [&hellip;]<\/p>\n","protected":false},"author":5,"featured_media":1053,"comment_status":"open","ping_status":"open","sticky":false,"template":"","format":"standard","meta":{"_acf_changed":false,"footnotes":""},"categories":[94,4,160],"tags":[],"class_list":["post-1052","post","type-post","status-publish","format-standard","has-post-thumbnail","hentry","category-94","category-archives","category-palmares-2010"],"acf":[],"_links":{"self":[{"href":"https:\/\/academie-saintonge.org\/index.php?rest_route=\/wp\/v2\/posts\/1052","targetHints":{"allow":["GET"]}}],"collection":[{"href":"https:\/\/academie-saintonge.org\/index.php?rest_route=\/wp\/v2\/posts"}],"about":[{"href":"https:\/\/academie-saintonge.org\/index.php?rest_route=\/wp\/v2\/types\/post"}],"author":[{"embeddable":true,"href":"https:\/\/academie-saintonge.org\/index.php?rest_route=\/wp\/v2\/users\/5"}],"replies":[{"embeddable":true,"href":"https:\/\/academie-saintonge.org\/index.php?rest_route=%2Fwp%2Fv2%2Fcomments&post=1052"}],"version-history":[{"count":3,"href":"https:\/\/academie-saintonge.org\/index.php?rest_route=\/wp\/v2\/posts\/1052\/revisions"}],"predecessor-version":[{"id":1685,"href":"https:\/\/academie-saintonge.org\/index.php?rest_route=\/wp\/v2\/posts\/1052\/revisions\/1685"}],"wp:featuredmedia":[{"embeddable":true,"href":"https:\/\/academie-saintonge.org\/index.php?rest_route=\/wp\/v2\/media\/1053"}],"wp:attachment":[{"href":"https:\/\/academie-saintonge.org\/index.php?rest_route=%2Fwp%2Fv2%2Fmedia&parent=1052"}],"wp:term":[{"taxonomy":"category","embeddable":true,"href":"https:\/\/academie-saintonge.org\/index.php?rest_route=%2Fwp%2Fv2%2Fcategories&post=1052"},{"taxonomy":"post_tag","embeddable":true,"href":"https:\/\/academie-saintonge.org\/index.php?rest_route=%2Fwp%2Fv2%2Ftags&post=1052"}],"curies":[{"name":"wp","href":"https:\/\/api.w.org\/{rel}","templated":true}]}}