{"id":1055,"date":"2015-08-06T09:25:00","date_gmt":"2015-08-06T08:25:00","guid":{"rendered":"http:\/\/academie-saintonge.org\/?p=1055"},"modified":"2016-01-29T15:03:45","modified_gmt":"2016-01-29T14:03:45","slug":"11-eleves-du-lycee-dautet-pour-laccrochage-dune-exposition-au-musee-des-beaux-arts-de-la-rochelle","status":"publish","type":"post","link":"https:\/\/academie-saintonge.org\/?p=1055","title":{"rendered":"11 \u00e9l\u00e8ves du Lyc\u00e9e Dautet pour l&rsquo;accrochage d&rsquo;une exposition au mus\u00e9e des Beaux-Arts de la Rochelle"},"content":{"rendered":"<p><a href=\"https:\/\/academie-saintonge.org\/wp-content\/uploads\/2015\/08\/dautet.jpg\"><img loading=\"lazy\" decoding=\"async\" class=\" size-medium wp-image-1056 alignleft\" src=\"https:\/\/academie-saintonge.org\/wp-content\/uploads\/2015\/08\/dautet-300x199.jpg\" alt=\"dautet\" width=\"300\" height=\"199\" srcset=\"https:\/\/academie-saintonge.org\/wp-content\/uploads\/2015\/08\/dautet-300x199.jpg 300w, https:\/\/academie-saintonge.org\/wp-content\/uploads\/2015\/08\/dautet.jpg 452w\" sizes=\"auto, (max-width: 300px) 100vw, 300px\" \/><\/a>Rapport P. Even<\/p>\n<p>Dans la politique d&rsquo;ouverture qu&rsquo;ils conduisent depuis quelques ann\u00e9es, les mus\u00e9es de La Rochelle proposent r\u00e9guli\u00e8rement de nouvelles pr\u00e9sentations des collections du Mus\u00e9e des Beaux-arts qui ne dispose que d&rsquo;une surface modeste d&rsquo;exposition. Le choix des \u0153uvres retenues est confi\u00e9 soit \u00e0 une personnalit\u00e9, soit \u00e0 un groupe de personnes. Le 3e accrochage des collections a \u00e9t\u00e9 confi\u00e9 en 2009 \u00e0 un groupe de lyc\u00e9ens de terminale en section Histoire des arts du Lyc\u00e9e Jean Dautet qui ont choisi pour th\u00e8me la Modernit\u00e9, \u00e0 travers un choix d\u2019\u0153uvres acquises de 1899 \u00e0 1982. Ils ont ainsi proc\u00e9d\u00e9 \u00e0 une s\u00e9lection des tableaux, dessins et sculptures et \u00e0 l&rsquo;organisation de leur pr\u00e9sentation, et m\u00eame du guide. Le r\u00e9sultat original, r\u00e9ussi et appr\u00e9ci\u00e9 t\u00e9moigne du go\u00fbt artistique des lyc\u00e9ens encadr\u00e9s par leur professeur Patrick Sembel. Au-del\u00e0 de la r\u00e9ussite de ce projet \u00e9ducatif, l&rsquo;Acad\u00e9mie de Saintonge a tenu \u00e0 saluer cette initiative et \u00e0 encourager l&rsquo;effort de r\u00e9novation des mus\u00e9es rochelais conduit par leur dynamique conservatrice, Annick Notter.<\/p>\n","protected":false},"excerpt":{"rendered":"<p>Rapport P. Even Dans la politique d&rsquo;ouverture qu&rsquo;ils conduisent depuis quelques ann\u00e9es, les mus\u00e9es de La Rochelle proposent r\u00e9guli\u00e8rement de nouvelles pr\u00e9sentations des collections du [&hellip;]<\/p>\n","protected":false},"author":5,"featured_media":1056,"comment_status":"open","ping_status":"open","sticky":false,"template":"","format":"standard","meta":{"_acf_changed":false,"footnotes":""},"categories":[94,4,160],"tags":[],"class_list":["post-1055","post","type-post","status-publish","format-standard","has-post-thumbnail","hentry","category-94","category-archives","category-palmares-2010"],"acf":[],"_links":{"self":[{"href":"https:\/\/academie-saintonge.org\/index.php?rest_route=\/wp\/v2\/posts\/1055","targetHints":{"allow":["GET"]}}],"collection":[{"href":"https:\/\/academie-saintonge.org\/index.php?rest_route=\/wp\/v2\/posts"}],"about":[{"href":"https:\/\/academie-saintonge.org\/index.php?rest_route=\/wp\/v2\/types\/post"}],"author":[{"embeddable":true,"href":"https:\/\/academie-saintonge.org\/index.php?rest_route=\/wp\/v2\/users\/5"}],"replies":[{"embeddable":true,"href":"https:\/\/academie-saintonge.org\/index.php?rest_route=%2Fwp%2Fv2%2Fcomments&post=1055"}],"version-history":[{"count":2,"href":"https:\/\/academie-saintonge.org\/index.php?rest_route=\/wp\/v2\/posts\/1055\/revisions"}],"predecessor-version":[{"id":1489,"href":"https:\/\/academie-saintonge.org\/index.php?rest_route=\/wp\/v2\/posts\/1055\/revisions\/1489"}],"wp:featuredmedia":[{"embeddable":true,"href":"https:\/\/academie-saintonge.org\/index.php?rest_route=\/wp\/v2\/media\/1056"}],"wp:attachment":[{"href":"https:\/\/academie-saintonge.org\/index.php?rest_route=%2Fwp%2Fv2%2Fmedia&parent=1055"}],"wp:term":[{"taxonomy":"category","embeddable":true,"href":"https:\/\/academie-saintonge.org\/index.php?rest_route=%2Fwp%2Fv2%2Fcategories&post=1055"},{"taxonomy":"post_tag","embeddable":true,"href":"https:\/\/academie-saintonge.org\/index.php?rest_route=%2Fwp%2Fv2%2Ftags&post=1055"}],"curies":[{"name":"wp","href":"https:\/\/api.w.org\/{rel}","templated":true}]}}