{"id":1122,"date":"2015-08-06T10:11:39","date_gmt":"2015-08-06T09:11:39","guid":{"rendered":"http:\/\/academie-saintonge.org\/?p=1122"},"modified":"2016-01-29T09:55:48","modified_gmt":"2016-01-29T08:55:48","slug":"evenements-touchant-lacademie-en-2012","status":"publish","type":"post","link":"https:\/\/academie-saintonge.org\/?p=1122","title":{"rendered":"Ev\u00e9nements touchant l&rsquo;Acad\u00e9mie en 2012"},"content":{"rendered":"<p>2 Octobre 2011 \u00e0 Saintes. C\u00e9r\u00e9monie des Prix de l&rsquo;Acad\u00e9mie de Saintonge avec les 15 laur\u00e9ats du palmar\u00e8s 2011. Le Grand prix revient \u00e0 Gaelle Arquez, merveilleuse jeune soprano qui interpr\u00e8te un air du Barbier de S\u00e9ville. La salle Saintonge archi-comble lui r\u00e9serve une v\u00e9ritable ovation. Anim\u00e9e d&rsquo;extraits de films et de pi\u00e8ces de th\u00e9\u00e2tre des laur\u00e9ats, cette \u00e9dition 2011 fait l&rsquo;objet de nombreuses reprises dans la presse \u00e9crite, \u00e0 la radio et sur France 3. On retiendra le tr\u00e8s beau discours de Marc Seguin \u00e0 la m\u00e9moire de notre ancien directeur Jean Gl\u00e9nisson et l&rsquo;hommage rendu \u00e0 Michel Danglade par Pierre Dumousseau. A la sortie, le traditionnel verre de l&rsquo;amiti\u00e9 nous rassemble dans le clo\u00eetre de la Cath\u00e9drale o\u00f9 nous sommes les h\u00f4tes du doyen Samoride.<\/p>\n<p>Novembre 2011. A l&rsquo;invitation de notre coll\u00e8gue Bernard Mounier, passionnante visite de l&rsquo;exposition de cartographie marine Terres \u00e0 l&rsquo;encre, (prix de Rochefort 2011) \u00e0 la Corderie Royale o\u00f9 nous re\u00e7oit son directeur, Emmanuel de Fontainieu. Apr\u00e8s des agapes sur le port de Rochefort, l&rsquo;Acad\u00e9mie tient son Assembl\u00e9e G\u00e9n\u00e9rale.<\/p>\n<p>Novembre 2011, Roselyne Coutant, fondatrice et directrice de l&rsquo;Aquarium de La Rochelle, est \u00e9lue au 5e si\u00e8ge en remplacement de Michel Danglade.<\/p>\n<p>D\u00e9cembre 2011, deux conf\u00e9rences d&rsquo;acad\u00e9miciens \u00e0 l&rsquo;Abbaye aux Dames : Notre coll\u00e8gue Alain Michaud traite des Conflits et justices \u00e0 l&rsquo;Abbaye aux Dames au Moyen \u00c2ge et notre coll\u00e8gue Marc Seguin \u00e9voque les Religieuses contestataires du premier XVIe si\u00e8cle.<\/p>\n<p>F\u00e9vrier 2012, S\u00e9ance de l&rsquo;Acad\u00e9mie \u00e0 l&rsquo;\u00eele d&rsquo;Ol\u00e9ron, \u00e0 l&rsquo;initiative de notre coll\u00e8gue Pierre Dumousseau. Au programme, visite l&rsquo;\u00e9tablissement ostr\u00e9icole et du th\u00e9\u00e2tre d&rsquo;ardoise de J.L. Chailloleau (prix Madeleine La Bruy\u00e8re 2011), et d\u00e9jeuner devant la plage. La s\u00e9ance de travail est consacr\u00e9e \u00e0 la pr\u00e9sentation de notre nouvelle coll\u00e8gue, Roselyne Coutant, et au premier examen des \u0153uvres en comp\u00e9tition pour le prochain palmar\u00e8s.<\/p>\n<p>Mars 2012, conf\u00e9rence de notre coll\u00e8gue Fran\u00e7ois Julien-Labruy\u00e8re : 1000 ans de relations entre L&rsquo;Abbaye aux Dames et la ville de Saintes<\/p>\n<p>Avril 2012, Francette Joanne, comme elle l&rsquo;avait annonc\u00e9 \u00e0 la pr\u00e9c\u00e9dente r\u00e9union de travail de l&rsquo;Acad\u00e9mie, fonde le Prix Louis Joanne qui sera attribu\u00e9 d\u00e8s cette ann\u00e9e \u00e0 une association culturelle charentaise.<\/p>\n<p>Mai 2012, S\u00e9ance de l&rsquo;Acad\u00e9mie \u00e0 l&rsquo;Ile Madame orchestr\u00e9e par notre coll\u00e8gue Didier Neraudeau. Une excellente d\u00e9couverte des richesses pal\u00e9ontologiques de l&rsquo;\u00eele, sous sa direction, est suivie d&rsquo;un d\u00e9jeuner \u00e0 la ferme aquacole, tandis que la passe est recouverte par la mer qui rend impossible tout d\u00e9part de l&rsquo;\u00eele durant 6 heures. Notre r\u00e9union \u2013 r\u00e9ellement \u00e0 huis clos- est consacr\u00e9e au vote final du palmar\u00e8s 2012.<\/p>\n<p>Juin 2012, Dani\u00e8le Sallenave de l&rsquo;Acad\u00e9mie fran\u00e7aise nous confirme sa venue \u00e0 notre C\u00e9r\u00e9monie des Prix de l&rsquo;Acad\u00e9mie de Saintonge 2012. L&rsquo;\u00e9crivain repr\u00e9sentera l&rsquo;Acad\u00e9mie fran\u00e7aise et sera notre pr\u00e9sidente d&rsquo;honneur.<br \/>\nJuillet 2012, conf\u00e9rence de notre coll\u00e8gue AlainBraastad : Les protestants et le commerce du cognac au XVIIIe si\u00e8cle, au Mus\u00e9e de la France protestante de l&rsquo;ouest, lors des journ\u00e9es portes ouvertes plac\u00e9es sous la pr\u00e9sidence d&rsquo;honneur de la directrice de l&rsquo;Acad\u00e9mie de Saintonge.<\/p>\n","protected":false},"excerpt":{"rendered":"<p>2 Octobre 2011 \u00e0 Saintes. C\u00e9r\u00e9monie des Prix de l&rsquo;Acad\u00e9mie de Saintonge avec les 15 laur\u00e9ats du palmar\u00e8s 2011. Le Grand prix revient \u00e0 Gaelle [&hellip;]<\/p>\n","protected":false},"author":5,"featured_media":0,"comment_status":"open","ping_status":"open","sticky":false,"template":"","format":"standard","meta":{"_acf_changed":false,"footnotes":""},"categories":[100,4,173],"tags":[],"class_list":["post-1122","post","type-post","status-publish","format-standard","hentry","category-100","category-archives","category-evenements-2012"],"acf":[],"_links":{"self":[{"href":"https:\/\/academie-saintonge.org\/index.php?rest_route=\/wp\/v2\/posts\/1122","targetHints":{"allow":["GET"]}}],"collection":[{"href":"https:\/\/academie-saintonge.org\/index.php?rest_route=\/wp\/v2\/posts"}],"about":[{"href":"https:\/\/academie-saintonge.org\/index.php?rest_route=\/wp\/v2\/types\/post"}],"author":[{"embeddable":true,"href":"https:\/\/academie-saintonge.org\/index.php?rest_route=\/wp\/v2\/users\/5"}],"replies":[{"embeddable":true,"href":"https:\/\/academie-saintonge.org\/index.php?rest_route=%2Fwp%2Fv2%2Fcomments&post=1122"}],"version-history":[{"count":1,"href":"https:\/\/academie-saintonge.org\/index.php?rest_route=\/wp\/v2\/posts\/1122\/revisions"}],"predecessor-version":[{"id":1123,"href":"https:\/\/academie-saintonge.org\/index.php?rest_route=\/wp\/v2\/posts\/1122\/revisions\/1123"}],"wp:attachment":[{"href":"https:\/\/academie-saintonge.org\/index.php?rest_route=%2Fwp%2Fv2%2Fmedia&parent=1122"}],"wp:term":[{"taxonomy":"category","embeddable":true,"href":"https:\/\/academie-saintonge.org\/index.php?rest_route=%2Fwp%2Fv2%2Fcategories&post=1122"},{"taxonomy":"post_tag","embeddable":true,"href":"https:\/\/academie-saintonge.org\/index.php?rest_route=%2Fwp%2Fv2%2Ftags&post=1122"}],"curies":[{"name":"wp","href":"https:\/\/api.w.org\/{rel}","templated":true}]}}