{"id":1124,"date":"2015-08-06T10:12:37","date_gmt":"2015-08-06T09:12:37","guid":{"rendered":"http:\/\/academie-saintonge.org\/?p=1124"},"modified":"2016-01-29T15:33:35","modified_gmt":"2016-01-29T14:33:35","slug":"contributions-personnelles-des-academiciens-depuis-octobre-2011","status":"publish","type":"post","link":"https:\/\/academie-saintonge.org\/?p=1124","title":{"rendered":"Contributions personnelles des Acad\u00e9miciens depuis octobre 2011"},"content":{"rendered":"<p>Nicole Bertin<br \/>\nNombreux articles de presse sur la vie culturelle et artistique en Charente Maritime. R\u00e9alisation d&rsquo;un blog internet actualis\u00e9 en permanence sur les m\u00eames sujets.<\/p>\n<p>Jacques Bouineau<br \/>\nLa la\u00efcit\u00e9 et la construction de l\u2019Europe. Dualit\u00e9 des pouvoirs et neutralit\u00e9 religieuse XVIIe\u2013XXIes, L\u2019Harmattan.<br \/>\n\u00ab\u00a0Croisades\u00a0\u00bb, in Dictionnaire de la violence, sous la direction de Michela Marzano, PUF.<br \/>\nCommunications :\u00a0\u00bbLudvig Holberg et la question religieuse\u00a0\u00bb, Historia e jus, n\u00b0 1, 2012,<br \/>\n\u00ab\u00a0La r\u00e9daction de la Constitution ligurienne (1797) \u00ab\u00a0, table ronde du RELHIIP, Bastia, Aix-en-Provence, PU.<br \/>\n\u00ab\u00a0Swift, mod\u00e8le de Holberg ? \u00ab\u00a0, XXIe colloque de l\u2019AFHIP, Aix-en-Provence, \u00ab\u00a0R\u00e9my Tessonneau, le Saintongeais\u00a0\u00bb, Actes du 4e colloque Joseph Joubert.<br \/>\nConf\u00e9rence :\u00a0\u00bbLe pouvoir municipal du Moyen-Age au XVIIIe si\u00e8cle : les libert\u00e9s communales, de l\u2019\u00e9mancipation \u00e0 la tutelle\u00a0\u00bb, Acad\u00e9mie de La Rochelle en partenariat avec l\u2019Acad\u00e9mie de Saintonge<br \/>\nAnimation du cycle de conf\u00e9rences du CEIR (facult\u00e9 de droit de La Rochelle)<br \/>\nFilm r\u00e9alis\u00e9 par les \u00e9tudiants : L\u2019hommage f\u00e9odo-vassalique.<\/p>\n<p>Alain Braastad<br \/>\nConf\u00e9rence sur le cognac d\u2019apr\u00e8s le registre de lettres de Brunet, n\u00e9gociant \u00e0 Cognac, \u00e0 la m\u00e9diath\u00e8que d&rsquo;Archiac.<br \/>\nConf\u00e9rence sur Le cognac et les protestants au XVIIIe si\u00e8cle au mus\u00e9e du Bois-Tiffrais en Vend\u00e9e,<br \/>\nConf\u00e9rence sur les moulins de Jarnac \u00e0 Jarnac.<br \/>\nPr\u00e9paration d&rsquo;un ouvrage sur l&rsquo;histoire des maisons de Jarnac et de leurs habitants (1650\/1850).<\/p>\n<p>Madeleine Chapsal<br \/>\nParutions :<br \/>\nDavid (Fayard)<br \/>\nCes voix que j\u2019entends encore &#8211; souvenirs de sa vie \u00e0 l\u2019Express- (Fayard))<\/p>\n<p>Jean Combes<br \/>\n*Parution :<br \/>\nHistoire de l\u2019\u00e9cole primaire (Editions de Bor\u00e9e),<br \/>\nPr\u00e9face de La guerre en Poitou-Charentes \u00e0 travers les si\u00e8cles de G\u00e9rard Blier (Editions Croit vif)<br \/>\n*Conf\u00e9rences : organisation et mise en \u0153uvre du 3e cycle des Conf\u00e9rences de l\u2019Acad\u00e9mie de Saintonge, avec Bernard Mounier.<\/p>\n<p>Roselyne Coutant-B\u00e9nier<br \/>\nCette ann\u00e9e 2011\/12 a connu un temps fort le 1er Avril, pour f\u00eater les 10 ans de l\u2019Aquarium depuis son installation sur le port des grands yachts une f\u00eate comme on les aime lorsqu\u2019on a r\u00e9ussi son projet, tout le monde \u00e9tait l\u00e0 , les banques, les \u00e9lus, et tous nos amis de la Grande Bleue .Notre parrain :Paul VIRILIO s\u2019est exprim\u00e9 avec force sur les folies des hommes qui oublient le respect qu\u2019ils doivent \u00e0 leur environnement.<br \/>\nCe fut aussi, le succ\u00e8s de notre deuxi\u00e8me exp\u00e9dition scientifique pour la reproduction des coraux en Guadeloupe, (qui se reproduisent une seule fois dans l\u2019ann\u00e9e, deux heures apr\u00e8s la pleine lune) les gam\u00e8tes recueillies ont form\u00e9es des cellules qui se sont fix\u00e9es et l\u2019on a pu voir la reproduction sexu\u00e9e de ces coraux une premi\u00e8re dans le monde de la recherche.<br \/>\nAutre bilan \u00e0 ne pas oublier: Le bonheur de savoir son travail accompli durant ces 40 ans de passion, et la pr\u00e9paration de la passation aux jeunes.<br \/>\nJacques Dassi\u00e9<br \/>\n*Publications : Participation \u00e0 l&rsquo;illustration photographique du Calendrier Ausonius 2012 Arch\u00e9ologie en l&rsquo;air\u00a0\u00bb. CNRS, Universit\u00e9 de Bordeaux III.<br \/>\nParticipation \u00e0 l&rsquo;illustration photographique de \u00ab\u00a0Un secteur d&rsquo;habitat dans le quartier du sanctuaire du Moulin du F\u00e2, \u00e0 Barzan (Alain Bouet, Ausonius \u00c9ditions).<br \/>\nParticipation \u00e0 l&rsquo;illustration photographique du Bulletin de la Soci\u00e9t\u00e9 d&rsquo;arch\u00e9ologie et d&rsquo;histoire de la Charente-Maritime, n\u00b0 38, 2011(Le camp militaire romain d&rsquo;Aulnay de Saintonge).<br \/>\n*Exposition : \u00ab\u00a0Merveilleux insectes de Saintonge\u00a0\u00bb. Clo\u00eetre des Carmes, Jonzac.<br \/>\n*Participations aux expositions :\u00a0\u00bbLa vie dans nos jardins\u00a0\u00bb, Maison de la For\u00eat, Montlieu-la-Garde, pr\u00e9sent\u00e9e deux fois dans l\u2019ann\u00e9e pour cause de succ\u00e8s; \u00ab\u00a0Les Voies romaines de Saintonge\u00a0\u00bb. Saintes. Fourniture \u00e0 l&rsquo;ASSA Barzan de photos du manuscrit original de Claude Masse, prises \u00e0 la Biblioth\u00e8que du G\u00e9nie.<\/p>\n<p>Jean-Claude Dubois<br \/>\nR\u00e9alisation des quatre numeros trimestriels de \u00ab La Saintonge litt\u00e9raire \u00bb dont il est le r\u00e9dacteur en chef. Avec plusieurs articles d\u2019acad\u00e9miciens, dont celui de D. Neraudeau : Chroniques d\u2019un dinosaure annonc\u00e9.<\/p>\n<p>Pierre Dumousseau<br \/>\nPublication d&rsquo;un album bilingue (fran\u00e7ais-anglais) pour enfants: \u00ab\u00a0Mister Fox and the snails\u00a0\u00bb (Ed. Le Cro\u00eet Vif)<br \/>\nCr\u00e9ation d&rsquo;un nouveau spectacle (autour de Jacques Brel): \u00ab\u00a0Je vous ai apport\u00e9 des chansons\u00a0\u00bb (avec R\u00e9my Ribot et Pascal Coindreau)<br \/>\nTourn\u00e9es en Poitou-Charentes et r\u00e9gion parisienne avec \u00ab\u00a0D\u00e9mons et Merveilles\u00a0\u00bb et \u00ab\u00a0La Tendre Guerre\u00a0\u00bb (Veill\u00e9es, Festivals et Balades cont\u00e9es)<br \/>\nLecture: \u00ab\u00a0L&rsquo;\u0153uvre des mers\u00a0\u00bb d&rsquo;Eug\u00e8ne Nicole dans le cadre de la rencontre avec cet \u00e9crivain anim\u00e9e par Marie-Dominique Montel (Biblioth\u00e8que nationale\/Universit\u00e9 de new-York)<br \/>\nOrganisation d\u2019une r\u00e9union de l\u2019Acad\u00e9mie de Saintonge, sur le th\u00e8me de l\u2019ostr\u00e9iculture \u00e0 l\u2019Ile d\u2019Ol\u00e9ron.<\/p>\n<p>Pascal Even<br \/>\nContribution au tome XXXVII-2011 de la Revue de la Saintonge et de l&rsquo;Aunis : Henri IV, \u201cle bien bon ami des Rochelais\u201d, une figure incontournable du Panth\u00e9on rochelais.<\/p>\n<p>Marc Fardet<br \/>\nCollaboration \u00e0 l\u2019ouvrage de Jacques Charpy Un ing\u00e9nieur de la Marine au temps des Lumi\u00e8res. Les carnets de Pierre Toufaire (1777-1794). Conf\u00e9rences sur le docteur Quoy \u00e0 l\u2019IUTLT de Rochefort et l\u2019Acad\u00e9mie de La Rochelle.<br \/>\nOrganisation de conf\u00e9rences et d\u2019une journ\u00e9e d\u2019\u00e9tude Napol\u00e9on et l\u2019espace atlantique, avec une communication \u00ab Projets de d\u00e9barquement en Angleterre du Directoire \u00e0 l\u2019Empire \u00bb, comme pr\u00e9sident du Comit\u00e9 Rochefortais de Documentation Historique de la Marine.<br \/>\nObservations concernant le projet de classement et d\u2019inscription de l\u2019estuaire de la Charente (Grand Site de France) et avis donn\u00e9 sur un projet de parc photovolta\u00efque \u00e0 Aujac, comme d\u00e9l\u00e9gu\u00e9 17 de la Soci\u00e9t\u00e9 pour la Protection des Paysages et de l\u2019Esth\u00e9tique de la France.<br \/>\nConcerts Mendelssohn donn\u00e9s par la Chorale St-Vincent de Rochefort \u00e0 Ch\u00e2telaillon, Rochefort et La Rochelle.<\/p>\n<p>Jean Favier<br \/>\nPublication :<br \/>\nLe bourgeois de Paris au moyen \u00e2ge (ed. Tallandier)<\/p>\n<p>Jean Flouret<br \/>\n*Parution de deux contributions dans la revue de la Saintonge et de l\u2019Aunis :<br \/>\nL\u2019\u00e9loge d\u2019Henri IV, prix de l\u2019Acad\u00e9mie de La Rochelle en 1768.<br \/>\nL\u2019\u00e9ducation des jeunes Rochelais \u00e0 l\u2019\u00e9poque d\u2019Henri IV.<br \/>\n*Publication du tome XXXVII-2011 de la Revue de la Saintonge et de l&rsquo;Aunis (Plusieurs membres de l\u2019Acad\u00e9mie de Saintonge ont particip\u00e9 \u00e0 ce volume). Au sommaire, Yves Blomme, La Sainte Chapelle en Saintonge romane [Matha]- Jean-Paul Gaillard, Bouteville, un ch\u00e2teau entre Saintonge et Angoumois, &#8211; Marc Seguin, Jonzac \u00e0 la fin du Moyen Age &#8211; Jacques Baudet, Henri de Navarre \u00e0 Angoul\u00eame &#8211; Amandine Artaud, Se convertir ou fuir : le choix de la noblesse protestante d\u2019Aunis \u00e0 la R\u00e9vocation de l\u2019\u00e9dit de Nantes. &#8211; Pascal Even, Henri IV, \u201cle bien bon ami des Rochelais \u00bb- Jean-Paul Charbonneau, La pr\u00e9sence militaire \u00e0 La Rochelle et l\u2019histoire de ses casernements.- Herv\u00e9 Duchene, \u201cLa comtesse dreyfusarde\u201d, correspondance de Charlotte de La Redorte avec Salomon Reinach.- Marc Chesnel, R\u00e9, une \u00eele tr\u00e8s touristique.<\/p>\n<p>Jacqueline Fortin<br \/>\nAu sein de la SEFCO \u2013 Langues \u2013 coutumes \u2013 savoir-faire :<br \/>\n*Causeries : Le fil dans tous ses \u00e9tats \u00e0 Saintes au Cro\u00eet Vif, sur les th\u00e8mes : Le tricot dans le vent, les maisons de poup\u00e9e, \u00e9volution du costume au 19\u00e8me s, la dentelle.<br \/>\n*Animations pour le patois : matin\u00e9e \u00ab Paul Monteau \u00bb \u00e0 la Br\u00e9e (17) matin\u00e9e \u00ab Chapelot \u00bb \u00e0 Balzac (16) matin\u00e9e \u00ab Gouleben\u00e9ze \u00bb \u00e0 Saintes, festival de th\u00e9\u00e2tre \u00e0 St-Jean d\u2019Ang\u00e9ly.<br \/>\nColloque SEFCO : \u00ab Contes ruraux &amp; l\u00e9gendes urbaines \u00bb, 50 ans de la SEFCO \u00e0 Courcelles (17), conf\u00e9rence \u00e0 la biblioth\u00e8que de St-Jean d\u2019Ang\u00e9ly de Michel Gautier : \u00ab Les saisons saintongeaises \u00bb de J\u00f4nain.<br \/>\nDans le cadre des MPF :- Patrimoine rural : \u00ab 30 ans de four \u00bb \u00e0 Chevallon (Cuisine, terroir &amp; savoir-faire), et trois promenades \u00e9tude : \u00e0 Sonnac, St Just Luzac et \u00e0 N\u00e9r\u00e9<\/p>\n<p>Francette Joanne<br \/>\n*Contribution au classement des archives historiques du mus\u00e9e de la France protestante de l\u2019Ouest (Ch\u00e2teau de Bois-Tiffrais) dont elle fait partie du comit\u00e9 de direction aupr\u00e8s du pasteur Denis Vatinel.<br \/>\n*Commissaire adjoint, de la tr\u00e8s riche exposition permanente du mus\u00e9e et organisatrice des journ\u00e9es portes ouvertes du mois de juillet autour d\u2019une conf\u00e9rence d\u2019Alain Braastad sur le commerce des eaux de vie de Cognac et les protestants au XVIIIe si\u00e8cle, sous la pr\u00e9sidence d\u2019honneur de Marie-Dominique Montel, directrice de l\u2019Acad\u00e9mie de Saintonge.<br \/>\n*Fondation d\u2019un Prix Louis Joanne \u00e0 l\u2019Acad\u00e9mie de Saintonge, destin\u00e9 \u00e0 r\u00e9compenser, chaque ann\u00e9e, les associations qui effectuent un travail remarquable dans le domaine de la culture.<\/p>\n<p>Fran\u00e7ois Julien Labruy\u00e8re<br \/>\nDepuis octobre 2011, ma principale \u00ab activit\u00e9 charentaise \u00bb n\u2019a pas chang\u00e9 : elle a \u00e9t\u00e9 de publier vingt-trois livres. Comme toujours, j\u2019essaie de respecter au mieux la vocation du Cro\u00eet vif qui est de valoriser l\u2019identit\u00e9 r\u00e9gionale aupr\u00e8s de tous les publics. Ceux qui aiment l\u2019histoire, ceux qui lisent des romans, ceux qui pr\u00e9f\u00e8rent la bande dessin\u00e9e ou encore les enfants qui sont aujourd\u2019hui les lecteurs les plus nombreux et les plus assidus.<br \/>\nMes coups de c\u0153ur personnels pour cette ann\u00e9e :<br \/>\nUn tr\u00e8s beau roman historique de Marjolaine Chevallier, Psaumes interdits (une famille protestante d\u2019Arvert face au harc\u00e8lement qui suit la r\u00e9vocation de l\u2019\u00e9dit de Nantes)<br \/>\net un album tr\u00e8s r\u00e9ussi d\u2019Olivier Fouch\u00e9, Pacha Bott\u00e9 (les frayeurs de l\u2019arri\u00e8re-arri\u00e8re-arri\u00e8re petit-fils du Chat Bott\u00e9 qui sauva Crazannes de son m\u00e9chant ogre).<br \/>\nEt puis quelques conf\u00e9rences historiques, dont 1000 ans de relations entre L&rsquo;Abbaye aux Dames et la ville de Saintes dans le cadre des conf\u00e9rences de l\u2019Acad\u00e9mie de Saintonge.<\/p>\n<p>Jean-Louis Lucet<br \/>\n*Jean-Louis Lucet et son \u00e9pouse (fille de Pierre-Henri Simon) rassemblent en vue de publication divers \u00e9crits personnels de l\u2019\u00e9crivain et des lettres significatives qui lui ont \u00e9t\u00e9 adress\u00e9es.<br \/>\n*Constitution d\u2019un fonds Pierre \u2013Henri Simon \u00e0 l\u2019Universit\u00e9 Internationale de Fribourg (Suisse) o\u00f9 l\u2019illustre homme de lettres, membre de l\u2019Acad\u00e9mie fran\u00e7aise et directeur de l\u2019Acad\u00e9mie de Saintonge, a enseign\u00e9 plusieurs ann\u00e9es.<br \/>\n*Discours sur la francophonie dans les Am\u00e9riques et les liens transatlantiques entre la France et l\u2019Uruguay et la France et le Qu\u00e9bec \u00e0 l\u2019occasion de la remise des insignes d\u2019officier de la l\u00e9gion d\u2019honneur \u00e0 madame Tarabal, ancienne secr\u00e9taire g\u00e9n\u00e9rale de l\u2019assembl\u00e9e des Fran\u00e7ais de l\u2019Etranger.<\/p>\n<p>Jean Mesnard<br \/>\nConf\u00e9rence : Figures de l\u2019infini chez Pascal (Colloque \u00ab Pascal et l\u2019infini \u00bb \u00e0 Clermont \u2013Ferrand) Emission sur Canal Acad\u00e9mie, le magazine francophone des acad\u00e9mies : Un autographe scientifique de Pascal d\u00e9couvert dans le manuscrit des \u00ab\u00a0Pens\u00e9es\u00a0\u00bb \u00e9vocation de la rencontre des lettres et des sciences du XVII e si\u00e8cle. Articles : D\u00e9mocratie , humanisme, spiritualit\u00e9 (in Communio)<br \/>\nLe D\u00e9p\u00f4t des papiers de Pascal \u00e0 Saint-Germain des Pr\u00e9s en 1711. (Revue des Amis de Port Royal).<\/p>\n<p>Alain Michaud<br \/>\n*Coordination du n\u00b03 des Cahiers de l\u2019aqueduc (St\u00e9. d\u2019arch\u00e9ologie et d\u2019hist. de la Charente-Mme).<br \/>\n*Participation aux ouvrages collectifs La cath\u00e9drale Saint-Pierre de Saintes (\u00e9d. Picard) et Monuments disparus de Saintes (\u00e0 para\u00eetre).<br \/>\n*Coordination de l\u2019exposition sur les voies romaines en Saintonge (St\u00e9. d\u2019arch\u00e9ologie).Participation \u00e0 l\u2019exposition sur St-Pierre de Saintes et visite comment\u00e9e du quartier canonial pour \u00ab La nuit des cath\u00e9drales \u00bb.<br \/>\n*Article Patrimoine saintais : \u00e0 la recherche de la maison de la chanterie (Bulletin de la St\u00e9 d\u2019arch\u00e9ologie).<br \/>\n* Conf\u00e9rence : Contraintes et conflits \u00e0 l\u2019Abbaye aux Dames de Saintes au Moyen Age (Acad\u00e9mie de Saintonge et Abbaye aux Dames).<br \/>\n* Communications : La reconstruction religieuse de Saintes au XI\u00e8me s. 64\u00e8me Congr\u00e8s d\u2019\u00e9tudes r\u00e9gionales (F\u00e9d. hist. du S-O ; F\u00e9d. des soc. savantes de la Ch-Mme). Le tr\u00e9sor de Child\u00e9ric pour le Club 41 de Saintes. St-Eutrope de Saintes \u00e0 l\u2019Universit\u00e9 d\u2019automne des m\u00e9diateurs du patrimoine (St-Jean d\u2019Ang\u00e9ly).<\/p>\n<p>Marie-Dominique Montel<br \/>\nUne ann\u00e9e tr\u00e8s dense, marqu\u00e9e par la r\u00e9alisation de quatre films, en collaboration avec Christopher Jones :<br \/>\n&#8211; Deux portraits de grandes dames de l\u2019Acad\u00e9mie fran\u00e7aise, H\u00e9l\u00e8ne Carr\u00e8re d\u2019Encausse, pour France 5,<br \/>\net Dani\u00e8le Sallenave, pour France 3.<br \/>\n&#8211; Deux documentaires sur l\u2019histoire du cin\u00e9ma, La naissance de l\u2019Ange bleu \u00e0 partir du livre de John Baxter sur Josef Von Sternberg, et Babelsberg, l\u2019\u00e2ge d\u2019or du cin\u00e9ma allemand, pour Cin\u00e9+Classic.<br \/>\nCette chaine du groupeCanal+ a \u00e9galement rediffus\u00e9 notre Cin\u00e9ma selon Dali (2010) qui poursuit une belle carri\u00e8re internationale. Enfin, un film plus politique, Nos amis les otages, sur les boucliers humains de Saddam Hussein, a \u00e9t\u00e9 programm\u00e9 sur France 3 et Public S\u00e9nat (suivi d\u2019un d\u00e9bat).<br \/>\n&#8211; Animation de trois rencontres litt\u00e9raires (BNF\/New-York University) avec, cette ann\u00e9e, Hanif Kureishi, \u00e9crivain britannique d\u2019origine indienne, Eug\u00e8ne Nicole de Saint-Pierre et Miquelon et Lyonel Trouillot d\u2019Ha\u00efti.<br \/>\n&#8211; Membre du jury des films de mer. \u2013 R\u00e9dactrice en chef de la brochure que vous tenez en mains.<\/p>\n<p>Bernard Mounier<br \/>\nProjection du film Pilotes de la Gironde : Saint-Pierre-d\u2019Ol\u00e9ron, cin\u00e9ma Eldorado; Rochefort, Palais des congr\u00e8s et Corderie Royale, au titre de L\u2019Acad\u00e9mie de Saintonge; Mortagne-sur-Gironde et Pauillac au titre du Conservatoire de l\u2019estuaire de Blaye.<br \/>\nArticle sur le critique de cin\u00e9ma Jean-Louis Bory, pour la revue du Festival international du film de La Rochelle.<br \/>\nSc\u00e9nario du film de 26\u2019 Talmont-sur-Gironde diffus\u00e9 sur ARTE, dans la s\u00e9rie Villages de France. Ecriture des textes parl\u00e9s du ballet Sangook Yaakar de Germaine Acogny, repr\u00e9sent\u00e9 au Th\u00e9\u00e2tre National de Bordeaux.<br \/>\nPr\u00e9face de l\u2019ouvrage Une famille de l\u2019estuaire de Fran\u00e7ois Jouison, \u00e9dition Les dossiers d\u2019Aquitaine. Auteur du livre \u00ab Talmont Le Guide \u00bb (photographies de Michel Guillard), \u00e9ditions Kamango.<br \/>\nRepr\u00e9sentant les professionnels du cin\u00e9ma au Conseil d\u2019exploitation de Poitou-Charentes cin\u00e9ma.<br \/>\nMembre du nouveau Conseil de D\u00e9veloppement (culture, patrimoine) de l\u2019Agglom\u00e9ration Royan-Atlantique.<br \/>\nOrganisation d\u2019une r\u00e9union de l\u2019Acad\u00e9mie de Saintonge, sur le th\u00e8me des cartes marines \u00e0 Rochefort.<\/p>\n<p>Didier N\u00e9raudeau<br \/>\n*Contribution : Chroniques d\u2019un dinosaure annonc\u00e9. (Saintonge litt\u00e9raire).<br \/>\n*Conf\u00e9rences : La R\u00e9sine des Arbres: M\u00e9moire de la Biodiversit\u00e9, Festival des Sciences de Cesson-S\u00e9vign\u00e9 (35). L\u2019ambre cr\u00e9tac\u00e9 des Charentes: une fen\u00eatre ouverte sur l\u2019\u00e9volution\u201d dans \u00e0 l\u2019Universit\u00e9 de Rennes 1.<br \/>\n*T\u00e9l\u00e9vision : Documentaire sur le gisement charentais de Dinosaures d\u2019Angeac-Charente, dans la s\u00e9rie \u201cC\u2019est pas Sorcier\u201d de France 3, diffus\u00e9 le 07\/01\/2012 (26 minutes);<br \/>\n*Nombreux articles de pal\u00e9ontologie dans des revues scientifiques internationales en particulier sur les Termites coprolites du cr\u00e9tac\u00e9. Revue de Micropal\u00e9ontologie, Les \u00e9chinodermes du Kimm\u00e9ridgien de la pointe du Chay, Charente-Maritime. Fossiles, Les \u00e9chinides des silex s\u00e9noniens de l\u2019archipel charentais, Annales de Pal\u00e9ontologie. L\u2019ambre cr\u00e9tac\u00e9 des Charentes: une alternative \u00e0 l\u2019ambre balte. In G. Marchand &amp; G. Querr\u00e9, Roches &amp; Soci\u00e9t\u00e9s de la Pr\u00e9histoire, Presses univ. Rennes, Le \u201cM\u00e9galosaure\u201d (Dinosauria, Sauropoda) de Saint-Agnant. Annales de Pal\u00e9ontologie.<br \/>\n*Organisation d\u2019une r\u00e9union de l\u2019Acad\u00e9mie de Saintonge, sur le th\u00e8me de la pal\u00e9ontologie \u00e0 l\u2019Ile Madame.<\/p>\n<p>Claude Pajany<br \/>\nSecr\u00e9taire perp\u00e9tuelle de l\u2019Acad\u00e9mie de Saintonge en charge de la r\u00e9daction et de l\u2019archivage des comptes-rendus trimestriels des s\u00e9ances de l\u2019Acad\u00e9mie.<br \/>\nMontage et organisation de la C\u00e9r\u00e9monie des prix, en collaboration avec Pierre Collenot pour le diaporama.<br \/>\nGestion du calendrier, des r\u00e9unions, de l\u2019administration et du courrier de l\u2019Acad\u00e9mie.<\/p>\n<p>Odile Pradem Faure<br \/>\nMise en \u0153uvre du Festival de Saintes \u00e0 l\u2019Abbaye aux Dames dont elle est la directrice g\u00e9n\u00e9rale. S\u2019y ajoutent tout au long de l\u2019ann\u00e9e, concerts, expositions, conf\u00e9rences, spectacles jeune public, d\u00e9couverte du patrimoine et les activit\u00e9s du \u00ab Jeune Orchestre Atlantique \u00bb qui prodigue une formation aux m\u00e9tiers de l&rsquo;orchestre classique et romantique sur instruments d&rsquo;\u00e9poque, unique en Europe.<br \/>\nComme tr\u00e9sori\u00e8re de l\u2019Acad\u00e9mie de Saintonge, rapports financiers et pr\u00e9paration du budget de l\u2019Acad\u00e9mie.<\/p>\n<p>Alain Quella-Vill\u00e9ger<br \/>\nDeux ouvrages \u00e0 para\u00eetre en octobre 2012 :<br \/>\nRen\u00e9 Cailli\u00e9, l\u2019Africain. Une vie d\u2019explorateur, (Aub\u00e9ron)<br \/>\net Pierre Loti photographe, en collaboration avec Bruno Vercier (Bleu autour).<br \/>\nR\u00e9\u00e9dition des R\u00e9cits d\u2019ici ou d\u2019ailleurs de P. Loti,en collaboration avec G. Dugas (Omnibus)<br \/>\nEdition critique du troisi\u00e8me volume du Journal \u2013 1887-1895 de Loti, en collaboration avec B. Vercier (Les Indes savantes).<br \/>\nSc\u00e9nario (avec Didier Roten, Fran\u00e7ois Vivier et B. Vercier), et interviews du film documentaire Pierre Loti, un homme du monde (Anekdota Productions) diffus\u00e9 cette ann\u00e9e sur France3.<br \/>\nComme directeur adjoint de l\u2019Acad\u00e9mie de Saintonge, suivi de la pr\u00e9paration du palmar\u00e8s et des assembl\u00e9es de l\u2019Acad\u00e9mie.<\/p>\n<p>Marc Seguin<br \/>\nLa cath\u00e9drale de Saintes (Privat)- Partie : \u201chistoire de la cath\u00e9drale du d\u00e9but des Temps modernes \u00e0 nos jours\u201d.<br \/>\nVolume LXIII des Archives historiques de la Saintonge et de l\u2019Aunis :<br \/>\n&#8211; \u201cComptes des recettes et d\u00e9penses de la \u201ccroisade\u201d de 1517 dans le dioc\u00e8se de Saintes\u201d (dont a \u00e9t\u00e9 tir\u00e9e une communication lors de la journ\u00e9es des soci\u00e9t\u00e9s savantes \u00e0 La Rochelle en octobre 2011).<br \/>\n&#8211; \u201cProc\u00e8s-verbal d\u2019enqu\u00eate relatif \u00e0 la \u201cville\u201d de Talmont (1539)\u201d.<br \/>\n&#8211; \u201cEnqu\u00eate relative aux aveux et d\u00e9nombrements des ch\u00e2tellenies de Tonnay-Charente et Landes (1540)\u201d.<br \/>\n&#8211; \u201cEnqu\u00eate relative \u00e0 l\u2019\u00e9tat et entretien de la tour de Cordouan (1559)\u201d.<br \/>\nRevue de la Saintonge et de l\u2019Aunis : \u201cJonzac \u00e0 la fin du Moyen-Age\u201d.<br \/>\nColloque sur les mentalit\u00e9s religieuses (Saintes) : Un aspect de la reconstruction rurale saintongeaise au milieu du XVe si\u00e8cle : l\u2019int\u00e9gration religieuse des \u201cimmigr\u00e9s\u201d dans les anciens cadres paroissiaux.<br \/>\nConf\u00e9rence : Religieuses contestataires du premier XVIe si\u00e8cle (Acad\u00e9mie de Saintonge et Abbaye aux Dames).<\/p>\n","protected":false},"excerpt":{"rendered":"<p>Nicole Bertin Nombreux articles de presse sur la vie culturelle et artistique en Charente Maritime. R\u00e9alisation d&rsquo;un blog internet actualis\u00e9 en permanence sur les m\u00eames [&hellip;]<\/p>\n","protected":false},"author":5,"featured_media":0,"comment_status":"open","ping_status":"open","sticky":false,"template":"","format":"standard","meta":{"_acf_changed":false,"footnotes":""},"categories":[100,4,170],"tags":[],"class_list":["post-1124","post","type-post","status-publish","format-standard","hentry","category-100","category-archives","category-contributions-2012"],"acf":[],"_links":{"self":[{"href":"https:\/\/academie-saintonge.org\/index.php?rest_route=\/wp\/v2\/posts\/1124","targetHints":{"allow":["GET"]}}],"collection":[{"href":"https:\/\/academie-saintonge.org\/index.php?rest_route=\/wp\/v2\/posts"}],"about":[{"href":"https:\/\/academie-saintonge.org\/index.php?rest_route=\/wp\/v2\/types\/post"}],"author":[{"embeddable":true,"href":"https:\/\/academie-saintonge.org\/index.php?rest_route=\/wp\/v2\/users\/5"}],"replies":[{"embeddable":true,"href":"https:\/\/academie-saintonge.org\/index.php?rest_route=%2Fwp%2Fv2%2Fcomments&post=1124"}],"version-history":[{"count":2,"href":"https:\/\/academie-saintonge.org\/index.php?rest_route=\/wp\/v2\/posts\/1124\/revisions"}],"predecessor-version":[{"id":1365,"href":"https:\/\/academie-saintonge.org\/index.php?rest_route=\/wp\/v2\/posts\/1124\/revisions\/1365"}],"wp:attachment":[{"href":"https:\/\/academie-saintonge.org\/index.php?rest_route=%2Fwp%2Fv2%2Fmedia&parent=1124"}],"wp:term":[{"taxonomy":"category","embeddable":true,"href":"https:\/\/academie-saintonge.org\/index.php?rest_route=%2Fwp%2Fv2%2Fcategories&post=1124"},{"taxonomy":"post_tag","embeddable":true,"href":"https:\/\/academie-saintonge.org\/index.php?rest_route=%2Fwp%2Fv2%2Ftags&post=1124"}],"curies":[{"name":"wp","href":"https:\/\/api.w.org\/{rel}","templated":true}]}}