{"id":1268,"date":"2015-08-06T13:35:02","date_gmt":"2015-08-06T12:35:02","guid":{"rendered":"http:\/\/academie-saintonge.org\/?p=1268"},"modified":"2016-01-28T17:13:37","modified_gmt":"2016-01-28T16:13:37","slug":"panorama-de-lannee-culturelle-saintongeaise-en-2013","status":"publish","type":"post","link":"https:\/\/academie-saintonge.org\/?p=1268","title":{"rendered":"Panorama de l&rsquo;ann\u00e9e culturelle Saintongeaise en 2013"},"content":{"rendered":"<p>Discours d&rsquo;ouverture de Marie-Dominique Montel, directrice de l\u2019Acad\u00e9mie de Saintonge<\/p>\n<p>Mes chers coll\u00e8gues, mesdames et messieurs les \u00e9lus, mesdames et messieurs les repr\u00e9sentants des institutions culturelles et de la presse, chers amis de l\u2019Acad\u00e9mie de Saintonge (et cette derni\u00e8re cat\u00e9gorie regroupe bien entendu les pr\u00e9c\u00e9dentes &#8230;), je suis heureuse de d\u00e9clarer officiellement ouverte cette c\u00e9r\u00e9monie des prix de l\u2019Acad\u00e9mie de Saintonge<br \/>\nMon pr\u00e9d\u00e9cesseur Fran\u00e7ois Julien Labruy\u00e8re avait l\u2019habitude d\u2019ouvrir cette s\u00e9ance publique par un \u00ab Panorama de l\u2019ann\u00e9e culturelle saintongeaise \u00bb. J\u2019ai souvent trouv\u00e9 cette tradition un peu intimidante mais je voudrais la reprendre pour vous parler d\u2019un \u00e9v\u00e8nement qui ne vous a pas \u00e9chapp\u00e9 : Votre acad\u00e9mie de Saintonge tient sa c\u00e9r\u00e9monie annuelle un peu plus pr\u00e8s de l\u2019oc\u00e9an que les ann\u00e9es pass\u00e9es. Je tiens \u00e0 remercier particuli\u00e8rement monsieur le maire de Royan pour son accueil et son soutien ; et souligner qu\u2019il est depuis toujours un fid\u00e8le de nos r\u00e9unions publiques. Je voudrais aussi saluer tous ceux qui ont fait le chemin de Saintes \u00e0 Royan, tout sp\u00e9cialement monsieur le maire de Saintes dont j\u2019appr\u00e9cie l\u2019amicale pr\u00e9sence parmi nous.<br \/>\nJe voudrais enfin, \u00e0 l\u2019intention des nouveaux venus, profiter de l\u2019occasion pour vous pr\u00e9senter notre acad\u00e9mie et ses missions. En apprenant que nous ne viendrions pas \u00e0 Saintes cette ann\u00e9e, l\u2019un de nos anciens grands prix, r\u00e9sidant \u00e0 Saintes, nous a \u00e9crit dans Sud-Ouest un lettre ouverte d\u2019amoureux d\u00e9\u00e7u. Mais comme souvent les amoureux, il \u00e9tait un peu aveugl\u00e9 par sa passion et sa vision de notre Acad\u00e9mie ne correspond pas vraiment \u00e0 notre r\u00e9alit\u00e9. Pour notre part nous adh\u00e9rons totalement \u00e0 la d\u00e9finition qu\u2019en donne notre coll\u00e8gue et ami Jean Mesnard, avec sa pr\u00e9cision d\u2019universitaire et de membre de l\u2019acad\u00e9mie des sciences morales et politiques dont il a \u00e9t\u00e9 le pr\u00e9sident. Jean Mesnard, qui recevait, l\u2019hiver dernier, les insignes d\u2019officier de la l\u00e9gion d\u2019honneur, a prononc\u00e9 sous la coupole, devant un parterre d\u2019acad\u00e9miciens et d\u2019amis, un discours o\u00f9 il mentionnait son appartenance \u00e0 l\u2019Acad\u00e9mie de Saintonge avant de d\u00e9finir ainsi la fonction des acad\u00e9mies dans notre pays :<br \/>\n\u00ab Il ne suffit pas de dire que la science ou, plus g\u00e9n\u00e9ralement, la connaissance sont l&rsquo;objectif des acad\u00e9mies \u00bb explique t-il, il faut encore comprendre comment. Et il pr\u00e9cise \u00ab en r\u00e9alit\u00e9, le travail acad\u00e9mique lui-m\u00eame s&rsquo;op\u00e8re par le dialogue, par l&rsquo;\u00e9change d&rsquo;informations, en somme par la communication. Enfin et surtout, la t\u00e2che des acad\u00e9mies est moins de cr\u00e9er le savoir que de le juger, de le susciter et de le diffuser : ce qui est encore communiquer. \u00bb<br \/>\nSusciter, diffuser, communiquer, dit Jean Mesnard. Dans le r\u00e9seau des Acad\u00e9mies de France, avec, au sommet l\u2019Acad\u00e9mie fran\u00e7aise. Il y a un an, quand Madame Dani\u00e8le Sallenave, membre de l\u2019Acad\u00e9mie fran\u00e7aise, est venue en habit vert inaugurer officiellement nos travaux , ils se sont tenus sous sa pr\u00e9sidence. Son discours a rappel\u00e9 \u00e0 tous, et en particulier aux 25 membres de l\u2019Acad\u00e9mie de Saintonge, quel \u00e9tait notre r\u00f4le. Contrairement \u00e0 ce que certains imaginent, nous ne sommes pas les gardiens du langage. Les mots, leur entr\u00e9e officielle dans la langue fran\u00e7aise, leur d\u00e9finition, ou parfois leur \u00e9viction restent du domaine exclusif de l\u2019Acad\u00e9mie fran\u00e7aise.<br \/>\nEn revanche ici, nous s\u00e9lectionnons et r\u00e9compensons chaque ann\u00e9e ceux qui en font le plus bel usage, dans les domaines des sciences, du patrimoine et de la culture. Qu\u2019ils s\u2019expriment en fran\u00e7ais ou dans le parler de chez nous, parler qui nous est cher et dont nous primons et soutenons les repr\u00e9sentants.<br \/>\nEn r\u00e9alit\u00e9 l\u2019acad\u00e9mie fran\u00e7aise conserve la t\u00e2che la plus aride, le dictionnaire, alors qu\u2019elle nous laisse la libert\u00e9 et le bonheur de nous occuper de la gloire. L\u00e0, nous sommes \u00e0 notre affaire. Vos acad\u00e9miciens de Saintonge travaillent pour la gloire&#8230; Aux deux sens de l\u2019expression d\u2019ailleurs !<br \/>\nOn \u00e9voque plus souvent aujourd\u2019hui la renomm\u00e9e, la notori\u00e9t\u00e9, la r\u00e9putation ou la promotion. Avec sa trompette, la renomm\u00e9e, c\u2019est int\u00e9ressant mais c\u2019est moins flamboyant que la gloire. Quant \u00e0 la notori\u00e9t\u00e9, elle n\u2019est pas toujours honn\u00eate, la r\u00e9putation pas forc\u00e9ment bonne, et promotion sent un peu la fin de saison.<br \/>\nJe me suis donc report\u00e9e au Dictionnaire de la conversation et de la lecture: inventaire raisonn\u00e9 des notions g\u00e9n\u00e9rales les plus indispensables \u00e0 tous. (Tome dixi\u00e8me. Paris, Firmin Didot, fr\u00e8res, fils, 1859), et j\u2019y ai lu ce qui suit : \u00ab\u00a0Qu\u2019est-ce donc la gloire, cet attribut de la divinit\u00e9, que l\u2019homme a voulu rapetisser \u00e0 sa taille mortelle, elle, dont la majest\u00e9 et la dur\u00e9e n\u2019a point de limites? La gloire est plus que de la c\u00e9l\u00e9brit\u00e9; car la c\u00e9l\u00e9brit\u00e9 est \u00e9ph\u00e9m\u00e8re, contestable, et s\u2019attache aux bonnes comme aux mauvaises actions; et la gloire, qui serait passag\u00e8re, contestable, ou \u00e9tablie sur des bases contraires \u00e0 la morale, cesserait de porter ce beau nom; la gloire est plus qu\u2019un concert de louanges et d\u2019estime, qu\u2019une admiration enthousiaste, car elle pourrait alors \u00eatre l\u2019ouvrage d\u2019une camaraderie adulatrice. La gloire d\u2019un citoyen, c\u2019est-\u00e0-dire cette renomm\u00e9e inattaquable qui donne durant des si\u00e8cles une puissance prodigieuse et un noble retentissement \u00e0 son nom, doit \u00eatre pure et brillante comme le disque du soleil \u00bb<br \/>\nVoil\u00e0 donc ce que dit le Dictionnaire de la conversation et de la lecture: inventaire raisonn\u00e9 des notions g\u00e9n\u00e9rales les plus indispensables \u00e0 tous. Et voil\u00e0 quel est notre fonds de commerce comme il \u00e9tait jadis celui des artistes, des musiciens en particulier. Pour c\u00e9l\u00e9brer la gloire divine, les rois leur commandaient des Gloria et pour remercier le Seigneur de la gloire qu\u2019il avait bien voulu leur accorder, ils leur commandaient des Te Deum. Parfois une r\u00e9volution se produisait. Alors, pour les enfants de la patrie, le jour de gloire arrivait, comme une personnification triomphante et musicale de la R\u00e9publique.<br \/>\nCette gloire a\u00e9rienne a aussi \u00e9t\u00e9 repr\u00e9sent\u00e9e par les peintres et par les sculpteurs. Le dictionnaire que je citais plus haut le mentionne. Pr\u00e9cisons qu\u2019en tant que charentais nous avons en ce domaine des comp\u00e9tences ind\u00e9niables. Comme vous l\u2019indiquera tout bon manuel d\u2019art baroque religieux, les gloires sont des sculptures en forme de rayons dor\u00e9s, \u00e9tincelant au milieu de nuages, semblables \u00e0 un coucher de soleil sur la mer au large de Royan. Non seulement nous avons le mod\u00e8le sous la main, mais nous savons tr\u00e8s bien fabriquer des gloires en cas de besoin. Les n\u00f4tres brillent \u00e9videmment sur l\u2019oc\u00e9an. Elles sortent de nos arsenaux, de celui de Rochefort en particulier. C\u2019est l\u2019un des noms les plus fr\u00e9quemment donn\u00e9s aux navires. Ainsi, la s\u0153ur de l\u2019Hermione de La Fayette, une fr\u00e9gate, s\u2019appelait La gloire et le premier cuirass\u00e9 \u00e0 coque en fer, celui qui a rendu pour une fois les anglais jaloux de la marine fran\u00e7aise en 1859, se nommait la gloire \u00e9galement.<\/p>\n<p><a href=\"https:\/\/academie-saintonge.org\/wp-content\/uploads\/2015\/08\/Hermione1.jpg\"><img loading=\"lazy\" decoding=\"async\" class=\" size-medium wp-image-1269 alignleft\" src=\"https:\/\/academie-saintonge.org\/wp-content\/uploads\/2015\/08\/Hermione1-300x200.jpg\" alt=\"Hermione\" width=\"300\" height=\"200\" \/><\/a>Ensuite, cela se complique un peu et j\u2019ai d\u00fb demander l\u2019aide de notre coll\u00e8gue Marc Fardet qui a dirig\u00e9 les archives de la marine \u00e0 Rochefort pour comprendre la curieuse mention de \u00ab gloire \u00e0 plusieurs \u00e9tages \u00bb qui figure dans les descriptions des bateaux de l\u2019\u00e9poque de Louis XIV. Marc n\u2019a pas tard\u00e9 \u00e0 me r\u00e9pondre. Il s\u2019agit m\u2019a-t-il expliqu\u00e9 d\u2019ornements de poupe que l\u2019on voit nettement sur certaines maquettes conserv\u00e9es au Mus\u00e9e national de la Marine. Leur poupe est magnifiquement sculpt\u00e9e de haut en bas, d\u2019une \u00ab gloire \u00e0 plusieurs \u00e9tages \u00bb, pour reprendre l\u2019expression. Il \u00e9tait sp\u00e9cifi\u00e9 aux constructeurs que la d\u00e9coration des vaisseaux devait faire \u00ab esclatter sur mer la magnificence de Sa Majest\u00e9 \u00bb. Sur Le Soleil royal, le splendide navire amiral construit en 1669 avec ses 104 canons de bronze, la r\u00e9alisation de cette gloire \u00e0 \u00e9tages a \u00e9t\u00e9 confi\u00e9e \u00e0 Antoine Coysevox, l\u2019un des artistes pr\u00e9f\u00e9r\u00e9s de Louis XIV. Taill\u00e9es par le sculpteur en plein c\u0153ur de ch\u00eane puis dor\u00e9es \u00e0 l\u2019or fin, les statues des renomm\u00e9es qui ornent toute la poupe, s\u2019\u00e9tagent l\u00e0 encore de haut en bas&#8230;. afin d\u2019illustrer, et de repr\u00e9senter la magnificence de sa majest\u00e9. Le navire devait incarner toute la gloire du Roi Soleil.<br \/>\nJ\u2019esp\u00e8re que ces quelques exemples et ces pr\u00e9cisions seront utiles aux laur\u00e9ats de l\u2019Acad\u00e9mie de Saintonge pour les aider \u00e0 se sentir aujourd\u2019hui aur\u00e9ol\u00e9s de Gloire et m\u00eame d\u2019une Gloire \u00e0 plusieurs \u00e9tages pour notre grand prix.<\/p>\n","protected":false},"excerpt":{"rendered":"<p>Discours d&rsquo;ouverture de Marie-Dominique Montel, directrice de l\u2019Acad\u00e9mie de Saintonge Mes chers coll\u00e8gues, mesdames et messieurs les \u00e9lus, mesdames et messieurs les repr\u00e9sentants des institutions [&hellip;]<\/p>\n","protected":false},"author":5,"featured_media":1269,"comment_status":"open","ping_status":"open","sticky":false,"template":"","format":"standard","meta":{"_acf_changed":false,"footnotes":""},"categories":[101,4,175],"tags":[],"class_list":["post-1268","post","type-post","status-publish","format-standard","has-post-thumbnail","hentry","category-101","category-archives","category-la-vie-culturelle-2013"],"acf":[],"_links":{"self":[{"href":"https:\/\/academie-saintonge.org\/index.php?rest_route=\/wp\/v2\/posts\/1268","targetHints":{"allow":["GET"]}}],"collection":[{"href":"https:\/\/academie-saintonge.org\/index.php?rest_route=\/wp\/v2\/posts"}],"about":[{"href":"https:\/\/academie-saintonge.org\/index.php?rest_route=\/wp\/v2\/types\/post"}],"author":[{"embeddable":true,"href":"https:\/\/academie-saintonge.org\/index.php?rest_route=\/wp\/v2\/users\/5"}],"replies":[{"embeddable":true,"href":"https:\/\/academie-saintonge.org\/index.php?rest_route=%2Fwp%2Fv2%2Fcomments&post=1268"}],"version-history":[{"count":1,"href":"https:\/\/academie-saintonge.org\/index.php?rest_route=\/wp\/v2\/posts\/1268\/revisions"}],"predecessor-version":[{"id":1270,"href":"https:\/\/academie-saintonge.org\/index.php?rest_route=\/wp\/v2\/posts\/1268\/revisions\/1270"}],"wp:featuredmedia":[{"embeddable":true,"href":"https:\/\/academie-saintonge.org\/index.php?rest_route=\/wp\/v2\/media\/1269"}],"wp:attachment":[{"href":"https:\/\/academie-saintonge.org\/index.php?rest_route=%2Fwp%2Fv2%2Fmedia&parent=1268"}],"wp:term":[{"taxonomy":"category","embeddable":true,"href":"https:\/\/academie-saintonge.org\/index.php?rest_route=%2Fwp%2Fv2%2Fcategories&post=1268"},{"taxonomy":"post_tag","embeddable":true,"href":"https:\/\/academie-saintonge.org\/index.php?rest_route=%2Fwp%2Fv2%2Ftags&post=1268"}],"curies":[{"name":"wp","href":"https:\/\/api.w.org\/{rel}","templated":true}]}}