{"id":2491,"date":"2019-10-27T13:05:37","date_gmt":"2019-10-27T12:05:37","guid":{"rendered":"http:\/\/academie-saintonge.org\/?p=2491"},"modified":"2020-10-05T07:05:29","modified_gmt":"2020-10-05T06:05:29","slug":"eric-lem-pour-son-ouvrage-louisbourg-dans-lile-royale","status":"publish","type":"post","link":"https:\/\/academie-saintonge.org\/?p=2491","title":{"rendered":"\u00c9ric Lem, pour son ouvrage \u00ab Louisbourg dans l&rsquo;\u00eele royale \u00bb"},"content":{"rendered":"\n<h2>Prix Champlain<\/h2>\n<h3><b>\u00c9ric Lem, pour son ouvrage Louisbourg dans l&rsquo;\u00eele royale (Comit\u00e9 Rochefortais de Documentation Historique de la Marine, 2017)<\/b><\/h3>\n\n<p align=\"JUSTIFY\"><b>Rapport : <a href=\"\/?p=231\">Marc Fardet<\/a><\/b><\/p>\n<p align=\"JUSTIFY\"><img loading=\"lazy\" decoding=\"async\" class=\"size-full wp-image-1721 alignright\" src=\"\/wp-content\/uploads\/2019\/10\/Eric-Lem.jpg\" alt=\"\u00c9ric Lem\" width=\"256\" height=\"300\">\n\nEntr\u00e9 dans la carri\u00e8re diplomatique en 1964, vous avez, pendant pr\u00e8s de 40 ans, altern\u00e9 les postes dans l&rsquo;administration centrale et \u00e0 l&rsquo;\u00e9tranger. Parmi les seconds je voudrais citer celui de Consul g\u00e9n\u00e9ral pour les quatre provinces atlantiques situ\u00e9es sur la c\u00f4te est du Canada qu&rsquo;apr\u00e8s avoir \u00e9t\u00e9 secr\u00e9taire d&rsquo;ambassade&nbsp;\u00e0 Ottawa, vous avez occup\u00e9 dans les ann\u00e9es 80. Vous \u00eates pr\u00e9sident d&rsquo;honneur du Comit\u00e9 Rochefortais de Documentation Historique de la Marine o\u00f9, en d\u00e9cembre 2017, vous avez publi\u00e9 votre \u00e9tude sur Louisbourg.<\/p>\n\n<p align=\"JUSTIFY\">Il s&rsquo;agit en fait de la reprise de deux conf\u00e9rences donn\u00e9es par vous au CRDHM&nbsp;: l&rsquo;une, en octobre 2004, \u00e0 l&rsquo;occasion du quatri\u00e8me centenaire de la fondation du premier \u00e9tablissement fran\u00e7ais en Am\u00e9rique du Nord dans l&rsquo;\u00eele Sainte-Croix et l&rsquo;Acadie, l&rsquo;autre, en avril 2008, \u00e0 l&rsquo;occasion du quatri\u00e8me centenaire de la fondation de Qu\u00e9bec, lors de la journ\u00e9e d&rsquo;\u00e9tudes sur Rochefort et le Canada. Apr\u00e8s le trait\u00e9 d&rsquo;Utrecht (1713) la France fait construire une ville-forteresse \u00e0 Louisbourg (dans l&rsquo;\u00cele Royale, actuelle \u00eele du Cap-Breton). Soutenue par le port de Rochefort, elle est charg\u00e9e de maintenir les liens avec les habitants fran\u00e7ais de l&rsquo;Acadie, que le trait\u00e9 d&rsquo;Utrecht nous a enlev\u00e9e et de d\u00e9fendre Qu\u00e9bec contre une attaque des Britanniques. Mais ceux-ci s&rsquo;en emparent, puis la restituent, l&rsquo;occupent \u00e0 nouveau et la d\u00e9truisent en 1760. Elle tombe dans l&rsquo;oubli pendant deux si\u00e8cles. De 1961 \u00e0 1981, le gouvernement f\u00e9d\u00e9ral finance la reconstruction du quart de la ville-forteresse qui re\u00e7oit 100&nbsp;000 visiteurs par an. Le ma\u00eetre d&rsquo;\u0153uvre et le principal restaurateur de cette extraordinaire entreprise a \u00e9t\u00e9 l&rsquo;architecte acadien Yvon Leblanc, aujourd&rsquo;hui centenaire, avec qui vous avez gard\u00e9 le contact et \u00e0 qui vous rendez hommage dans votre publication.<\/p>\n","protected":false},"excerpt":{"rendered":"<p>Prix Champlain \u00c9ric Lem, pour son ouvrage Louisbourg dans l&rsquo;\u00eele royale (Comit\u00e9 Rochefortais de Documentation Historique de la Marine, 2017) Rapport : Marc Fardet Entr\u00e9 [&hellip;]<\/p>\n","protected":false},"author":5,"featured_media":2490,"comment_status":"open","ping_status":"open","sticky":false,"template":"","format":"standard","meta":{"_acf_changed":false,"footnotes":""},"categories":[215,4,220],"tags":[],"class_list":["post-2491","post","type-post","status-publish","format-standard","has-post-thumbnail","hentry","category-215","category-archives","category-palmares-2019"],"acf":[],"_links":{"self":[{"href":"https:\/\/academie-saintonge.org\/index.php?rest_route=\/wp\/v2\/posts\/2491","targetHints":{"allow":["GET"]}}],"collection":[{"href":"https:\/\/academie-saintonge.org\/index.php?rest_route=\/wp\/v2\/posts"}],"about":[{"href":"https:\/\/academie-saintonge.org\/index.php?rest_route=\/wp\/v2\/types\/post"}],"author":[{"embeddable":true,"href":"https:\/\/academie-saintonge.org\/index.php?rest_route=\/wp\/v2\/users\/5"}],"replies":[{"embeddable":true,"href":"https:\/\/academie-saintonge.org\/index.php?rest_route=%2Fwp%2Fv2%2Fcomments&post=2491"}],"version-history":[{"count":3,"href":"https:\/\/academie-saintonge.org\/index.php?rest_route=\/wp\/v2\/posts\/2491\/revisions"}],"predecessor-version":[{"id":2705,"href":"https:\/\/academie-saintonge.org\/index.php?rest_route=\/wp\/v2\/posts\/2491\/revisions\/2705"}],"wp:featuredmedia":[{"embeddable":true,"href":"https:\/\/academie-saintonge.org\/index.php?rest_route=\/wp\/v2\/media\/2490"}],"wp:attachment":[{"href":"https:\/\/academie-saintonge.org\/index.php?rest_route=%2Fwp%2Fv2%2Fmedia&parent=2491"}],"wp:term":[{"taxonomy":"category","embeddable":true,"href":"https:\/\/academie-saintonge.org\/index.php?rest_route=%2Fwp%2Fv2%2Fcategories&post=2491"},{"taxonomy":"post_tag","embeddable":true,"href":"https:\/\/academie-saintonge.org\/index.php?rest_route=%2Fwp%2Fv2%2Ftags&post=2491"}],"curies":[{"name":"wp","href":"https:\/\/api.w.org\/{rel}","templated":true}]}}