{"id":2525,"date":"2019-10-27T14:01:44","date_gmt":"2019-10-27T13:01:44","guid":{"rendered":"http:\/\/academie-saintonge.org\/?p=2525"},"modified":"2023-03-16T19:57:26","modified_gmt":"2023-03-16T18:57:26","slug":"le-palmares-2019-de-lacademie-de-saintonge","status":"publish","type":"post","link":"https:\/\/academie-saintonge.org\/?p=2525","title":{"rendered":"Le palmar\u00e8s 2019 de l&rsquo;Acad\u00e9mie de Saintonge"},"content":{"rendered":"\n<p style=\"text-align: center;\"><img loading=\"lazy\" decoding=\"async\" class=\"alignnone size-medium wp-image-1858\" src=\"\/wp-content\/uploads\/2016\/02\/medaille_academie_nb-300x291.jpg\" alt=\"medaille_academie_nb\" width=\"300\" height=\"291\" srcset=\"https:\/\/academie-saintonge.org\/wp-content\/uploads\/2016\/02\/medaille_academie_nb-300x291.jpg 300w, https:\/\/academie-saintonge.org\/wp-content\/uploads\/2016\/02\/medaille_academie_nb-768x746.jpg 768w, https:\/\/academie-saintonge.org\/wp-content\/uploads\/2016\/02\/medaille_academie_nb-1024x994.jpg 1024w, https:\/\/academie-saintonge.org\/wp-content\/uploads\/2016\/02\/medaille_academie_nb.jpg 2023w\" sizes=\"auto, (max-width: 300px) 100vw, 300px\" \/><\/p>\n\n<ul>\n<li><span style=\"line-height: 1.5;\"><a href=\"\/?p=2457\">Grand Prix de l\u2019Acad\u00e9mie de Saintonge<\/a> : Jean-Philippe Beaulieu, astrophysicien, pour le projet europ\u00e9en Ariel sur l&rsquo;atmosph\u00e8re des exo-plan\u00e8tes<\/li>\n\n<li><span style=\"line-height: 1.5;\"><a href=\"\/?p=2462\">Prix de la Ville de Royan<\/a> : Pascal Vimenet, grand sp\u00e9cialiste des images anim\u00e9es, pour son livre <i>Ab\u00e9c\u00e9daire de la Fantasmagorie<\/i><\/li>\n\n<li><span style=\"line-height: 1.5;\"><a href=\"\/?p=2469\">Prix Madeleine La Bruy\u00e8re<\/a> : Matthieu Garrigou-Lagrange, pour son \u00e9mission <i>La compagnie des auteurs<\/i> sur France Culture<\/li>\n\n<li><span style=\"line-height: 1.5;\"><a href=\"\/?p=2475\">Prix de la Ville de Saintes<\/a> : S\u00e9bastien Cassen, pour son film <i>Le Samaritain de Shanghai<\/i> sur le p\u00e8re Jacquinot de Besanges<\/li>\n\n<li><span style=\"line-height: 1.5;\"><a href=\"\/?p=2479\">Prix de l\u2019agglom\u00e9ration Royan-Atlantique<\/a> : Bernard de Maisonneuve, pour le livre <i>Pierre Garcie : le grand routier et les R\u00f4les d&rsquo;Ol\u00e9ron au XV<sup>e<\/sup> s.<\/i><\/li>\n\n<li><span style=\"line-height: 1.5;\"><a href=\"\/?p=2486\">Prix Louis Joanne<\/a> : Association \u00ab&nbsp;Les passeurs de temps&nbsp;\u00bb, Fl\u00e9ac sur Seugne<\/li>\n\n<li><span style=\"line-height: 1.5;\"><a href=\"\/?p=2491\">Prix Champlain<\/a> : \u00c9ric Lem, pour son ouvrage <i>Louisbourg dans l\u2019\u00eele royale<\/i><\/li>\n \n<li><span style=\"line-height: 1.5;\"><a href=\"\/?p=2495\">Prix de la Ville de Rochefort<\/a> : Jean Gaborit, peintre, pour l&rsquo;ensemble de son \u0153uvre<\/li>\n\n<li><span style=\"line-height: 1.5;\"><a href=\"\/?p=2497\">Prix de la mer \/ Aquarium de La Rochelle<\/a> : Monique Le H\u00e9naff, pour <i>De l&rsquo;\u00eele de la R\u00e9union \u00e0 Rochefort, journal de Julie Desgravelles-B\u00e9rar<\/i><\/li>\n\n<li><span style=\"line-height: 1.5;\"><a href=\"\/?p=2502\">Prix de la Ville de Marennes<\/a> : Chlo\u00e9 Henry-Biabaud et Sibylle d\u2019Orgeval, pour le film <i>Vents contraires, une histoire de la p\u00eache fran\u00e7aise<\/i><\/li>\n\n<li><span style=\"line-height: 1.5;\"><a href=\"\/?p=2506\">Prix de la Haute-Saintonge<\/a> : Christian Thomas, pour le parc du ch\u00e2teau de Beaulon \u00e0 S<sup>t<\/sup>-Dizant-du-Gua<\/li>\n \n<li><span style=\"line-height: 1.5;\"><a href=\"\/?p=2511\">Prix Dangibeaud<\/a> : Lucille Bourroux, pour son ouvrage <i>Jean-Jacques Audubon, dessins de jeunesse<\/i><\/li>\n \n<li><span style=\"line-height: 1.5;\"><a href=\"\/?p=2517\">Prix Jacques et Marie-Jeanne Badois<\/a> : Association \u00ab&nbsp;Les amis de la Porte royale de La Rochelle&nbsp;\u00bb<\/li>\n\n<li><span style=\"line-height: 1.5;\"><a href=\"\/?p=2522\">Prix de l&rsquo;innovation Ren\u00e9 Coutant<\/a> : R\u00e9my Babiaud, facteur d&rsquo;un piano de concert enti\u00e8rement r\u00e9alis\u00e9 \u00e0 la main<\/li>\n<\/ul>\n","protected":false},"excerpt":{"rendered":"<p>Grand Prix de l\u2019Acad\u00e9mie de Saintonge : Jean-Philippe Beaulieu, astrophysicien, pour le projet europ\u00e9en Ariel sur l&rsquo;atmosph\u00e8re des exo-plan\u00e8tes Prix de la Ville de Royan [&hellip;]<\/p>\n","protected":false},"author":5,"featured_media":1858,"comment_status":"closed","ping_status":"closed","sticky":false,"template":"","format":"standard","meta":{"_acf_changed":false,"footnotes":""},"categories":[215,4,220],"tags":[],"class_list":["post-2525","post","type-post","status-publish","format-standard","has-post-thumbnail","hentry","category-215","category-archives","category-palmares-2019"],"acf":[],"_links":{"self":[{"href":"https:\/\/academie-saintonge.org\/index.php?rest_route=\/wp\/v2\/posts\/2525","targetHints":{"allow":["GET"]}}],"collection":[{"href":"https:\/\/academie-saintonge.org\/index.php?rest_route=\/wp\/v2\/posts"}],"about":[{"href":"https:\/\/academie-saintonge.org\/index.php?rest_route=\/wp\/v2\/types\/post"}],"author":[{"embeddable":true,"href":"https:\/\/academie-saintonge.org\/index.php?rest_route=\/wp\/v2\/users\/5"}],"replies":[{"embeddable":true,"href":"https:\/\/academie-saintonge.org\/index.php?rest_route=%2Fwp%2Fv2%2Fcomments&post=2525"}],"version-history":[{"count":7,"href":"https:\/\/academie-saintonge.org\/index.php?rest_route=\/wp\/v2\/posts\/2525\/revisions"}],"predecessor-version":[{"id":2767,"href":"https:\/\/academie-saintonge.org\/index.php?rest_route=\/wp\/v2\/posts\/2525\/revisions\/2767"}],"wp:featuredmedia":[{"embeddable":true,"href":"https:\/\/academie-saintonge.org\/index.php?rest_route=\/wp\/v2\/media\/1858"}],"wp:attachment":[{"href":"https:\/\/academie-saintonge.org\/index.php?rest_route=%2Fwp%2Fv2%2Fmedia&parent=2525"}],"wp:term":[{"taxonomy":"category","embeddable":true,"href":"https:\/\/academie-saintonge.org\/index.php?rest_route=%2Fwp%2Fv2%2Fcategories&post=2525"},{"taxonomy":"post_tag","embeddable":true,"href":"https:\/\/academie-saintonge.org\/index.php?rest_route=%2Fwp%2Fv2%2Ftags&post=2525"}],"curies":[{"name":"wp","href":"https:\/\/api.w.org\/{rel}","templated":true}]}}