{"id":3051,"date":"2021-10-18T07:06:37","date_gmt":"2021-10-18T06:06:37","guid":{"rendered":"http:\/\/academie-saintonge.org\/?p=3051"},"modified":"2023-03-16T19:56:31","modified_gmt":"2023-03-16T18:56:31","slug":"jean-francois-favre-artiste-peintre","status":"publish","type":"post","link":"https:\/\/academie-saintonge.org\/?p=3051","title":{"rendered":"Jean-Fran\u00e7ois Favre, artiste peintre"},"content":{"rendered":"\n<style type=\"text\/css\">.article_prix h3{font-weight:bold;}.article_prix p{text-align:justify;}.article_prix figure{display:block;text-align:center;margin:10px 0;}.article_prix img{border:1px solid #e0e2e4;}.article_prix figure img{max-width:800px;}.article_prix .lettrine p::first-letter{color: rgba(255, 38, 42, 0.9);font-size: 3.3em;padding: 10px 4px 0 0;float: left;}<\/style>\n\n<div class=\"article_prix\">\n\n<h2>Prix de la Ville de Saintes<\/h2>\n<h3>Jean-Fran\u00e7ois Favre, artiste peintre<\/h3>\n\n<p><b>Rapport : <a href=\"\/?p=161\">Alain Michaud<\/a><\/b><\/p>\n\n<p><img loading=\"lazy\" decoding=\"async\" class=\"size-full wp-image-1721 alignright\" src=\"\/wp-content\/uploads\/2021\/09\/Jean-Francois-Favre.jpg\" alt=\"Jean-Fran\u00e7ois Favre - Prix de la Ville de Saintes\" width=\"227\" height=\"278\">D\u00e9j\u00e0 remarqu\u00e9 pour ses flamboyantes tentures polychromes qui d\u00e9corent les murs de l&rsquo;abbaye aux Dames, cet agr\u00e9g\u00e9 d&rsquo;arts plastiques, artiste polyvalent, aux talents multiformes, m\u00e9lange savamment dans ses recherches de nombreux domaines graphiques, huiles et dessins \u00e0 l&rsquo;encre, gravures sur bois, aquarelles, gouaches et mat\u00e9riaux divers comme l&rsquo;herbe ou le parchemin. Il ouvre ainsi \u00e0 la lisi\u00e8re de l&rsquo;art d\u00e9coratif et de l&rsquo;abstraction, de nouvelles voies \u00e0 l&rsquo;art figuratif et ornemental, notamment \u00e0 travers les th\u00e8mes et coloris des arts premiers qui l&rsquo;ont profond\u00e9ment marqu\u00e9 lors de son s\u00e9jour de 7 ans \u00e0 Papeete. L&rsquo;influence des arts premiers ainsi que sa religiosit\u00e9 l&rsquo;ont poursuivi \u00e0 Jarnac-Champagne dans les quatre tapisseries qu&rsquo;il a compos\u00e9es, le plafond qu&rsquo;il a peint et le chemin de croix de l&rsquo;\u00e9glise.<\/p>\n\n<p>Parall\u00e8lement, sa palette s&rsquo;est orient\u00e9e vers des \u0153uvres plus \u00e9pur\u00e9es, telles les vues aux tons fondus et adoucis de l&rsquo;oc\u00e9an, des carrelets et des paysages charentais. Il a \u00e9galement \u00e9crit ou illustr\u00e9 des ouvrages, dont une histoire de l&rsquo;art chez Hachette.<\/p>\n\n<p>On n&rsquo;en finirait pas d&rsquo;\u00e9num\u00e9rer les distinctions que cet homme discret a re\u00e7ues, dont la m\u00e9daille d&rsquo;or au Salon des artistes fran\u00e7ais en 1992. Il a \u00e9t\u00e9 s\u00e9lectionn\u00e9 pour repr\u00e9senter la France \u00e0 l&rsquo;exposition Justice et Paix \u00e0 Strasbourg ; il a expos\u00e9 entre autres \u00e0 Cayenne, \u00e0 Papeete, \u00e0 Nivelles, au mus\u00e9e national de P\u00e9kin&#8230;<\/p>\n<\/div>\n","protected":false},"excerpt":{"rendered":"<p>Prix de la Ville de Saintes Jean-Fran\u00e7ois Favre, artiste peintre Rapport : Alain Michaud D\u00e9j\u00e0 remarqu\u00e9 pour ses flamboyantes tentures polychromes qui d\u00e9corent les murs [&hellip;]<\/p>\n","protected":false},"author":5,"featured_media":3053,"comment_status":"closed","ping_status":"closed","sticky":false,"template":"","format":"standard","meta":{"_acf_changed":false,"footnotes":""},"categories":[227,4,231],"tags":[],"class_list":["post-3051","post","type-post","status-publish","format-standard","has-post-thumbnail","hentry","category-227","category-archives","category-palmares-2021"],"acf":[],"_links":{"self":[{"href":"https:\/\/academie-saintonge.org\/index.php?rest_route=\/wp\/v2\/posts\/3051","targetHints":{"allow":["GET"]}}],"collection":[{"href":"https:\/\/academie-saintonge.org\/index.php?rest_route=\/wp\/v2\/posts"}],"about":[{"href":"https:\/\/academie-saintonge.org\/index.php?rest_route=\/wp\/v2\/types\/post"}],"author":[{"embeddable":true,"href":"https:\/\/academie-saintonge.org\/index.php?rest_route=\/wp\/v2\/users\/5"}],"replies":[{"embeddable":true,"href":"https:\/\/academie-saintonge.org\/index.php?rest_route=%2Fwp%2Fv2%2Fcomments&post=3051"}],"version-history":[{"count":5,"href":"https:\/\/academie-saintonge.org\/index.php?rest_route=\/wp\/v2\/posts\/3051\/revisions"}],"predecessor-version":[{"id":3183,"href":"https:\/\/academie-saintonge.org\/index.php?rest_route=\/wp\/v2\/posts\/3051\/revisions\/3183"}],"wp:featuredmedia":[{"embeddable":true,"href":"https:\/\/academie-saintonge.org\/index.php?rest_route=\/wp\/v2\/media\/3053"}],"wp:attachment":[{"href":"https:\/\/academie-saintonge.org\/index.php?rest_route=%2Fwp%2Fv2%2Fmedia&parent=3051"}],"wp:term":[{"taxonomy":"category","embeddable":true,"href":"https:\/\/academie-saintonge.org\/index.php?rest_route=%2Fwp%2Fv2%2Fcategories&post=3051"},{"taxonomy":"post_tag","embeddable":true,"href":"https:\/\/academie-saintonge.org\/index.php?rest_route=%2Fwp%2Fv2%2Ftags&post=3051"}],"curies":[{"name":"wp","href":"https:\/\/api.w.org\/{rel}","templated":true}]}}