{"id":3057,"date":"2021-10-18T07:06:56","date_gmt":"2021-10-18T06:06:56","guid":{"rendered":"http:\/\/academie-saintonge.org\/?p=3057"},"modified":"2023-03-16T19:56:31","modified_gmt":"2023-03-16T18:56:31","slug":"pierre-miramand-eric-depre-thierry-bouyer-pour-leur-ouvrage-paleontologie-de-launis-sur-les-traces-dalcide-dorbigny","status":"publish","type":"post","link":"https:\/\/academie-saintonge.org\/?p=3057","title":{"rendered":"Pierre Miramand, \u00c9ric D\u00e9pr\u00e9, Thierry Bouyer pour leur ouvrage \u00ab\u00a0Pal\u00e9ontologie de l&rsquo;Aunis, sur les traces d&rsquo;Alcide d&rsquo;Orbigny\u00a0\u00bb"},"content":{"rendered":"\n<style type=\"text\/css\">.article_prix h3{font-weight:bold;}.article_prix p{text-align:justify;}.article_prix figure{display:block;text-align:center;margin:10px 0;}.article_prix img{border:1px solid #e0e2e4;}.article_prix figure img{max-width:800px;}.article_prix .lettrine p::first-letter{color: rgba(255, 38, 42, 0.9);font-size: 3.3em;padding: 10px 4px 0 0;float: left;}<\/style>\n\n<div class=\"article_prix\">\n\n<h2>Prix de l&rsquo;\u00cele de R\u00e9<\/h2>\n<h3>Pierre Miramand, \u00c9ric D\u00e9pr\u00e9, Thierry Bouyer pour leur ouvrage <i>Pal\u00e9ontologie de l&rsquo;Aunis, sur les traces d&rsquo;Alcide d&rsquo;Orbigny<\/i><\/h3>\n\n<p><b>Rapport : <a href=\"\/?p=182\">Didier N\u00e9raudeau<\/a><\/b><\/p>\n\n<p><img loading=\"lazy\" decoding=\"async\" class=\"size-full wp-image-1721 alignright\" src=\"\/wp-content\/uploads\/2021\/09\/Pierre-Miramand-Eric-Depre-Thierry-Bouyer.jpg\" alt=\"Pal\u00e9ontologie de l'Aunis, sur les traces d'Alcide d'Orbigny - Prix de l'\u00cele de R\u00e9\" width=\"273\" height=\"376\">Pierre Miramand a \u00e9t\u00e9 professeur de biologie et doyen de la facult\u00e9 des sciences \u00e0 l&rsquo;Universit\u00e9 de La Rochelle, puis, \u00e0 la retraite, il est devenu Pr\u00e9sident de la Soci\u00e9t\u00e9 des sciences naturelles de Charente-Maritime et \u00e0 ce titre s&rsquo;est occup\u00e9 des publications aux <i>Annales de la Soci\u00e9t\u00e9 des Sciences Naturelles de Charente-Maritime<\/i>. Bien qu&rsquo;\u00e9loign\u00e9 de la pal\u00e9ontologie dans le cadre de ses activit\u00e9s professionnelles, il est depuis sa jeunesse passionn\u00e9 de fossiles et a pu assouvir plus largement cette passion une fois \u00e0 la retraite. Ses activit\u00e9s pal\u00e9ontologiques conjuguent des prospections en Aunis et en Saintonge, des publications de vulgarisation et de valorisation patrimoniale, avec des articles r\u00e9guliers sur la pal\u00e9ontologie charentaise dans la revue grand public <i>Fossiles<\/i>, de multiples conf\u00e9rences sur la pal\u00e9ontologie r\u00e9gionale ou sur Alcide d&rsquo;Orbigny, et des participations \u00e0 la r\u00e9alisation de petits documentaires sur les fossiles charentais, avec L\u00e9on Damour.<\/p>\n\n<p>\u00c9ric D\u00e9pr\u00e9, est ing\u00e9nieur GIP-GEVES, affect\u00e9 au Conservatoire national des graines et semences \u00e0 Surg\u00e8res. Parall\u00e8lement \u00e0 sa vie professionnelle, il voue depuis l&rsquo;\u00e2ge de 10 ans une passion multiforme pour les fossiles et la pal\u00e9ontologie. Tout d&rsquo;abord collecteur \u00e0 l&rsquo;\u0153il aiguis\u00e9, puis collectionneur scrupuleux collaborant avec de multiples chercheurs acad\u00e9miques pour valoriser ses d\u00e9couvertes dans des publications scientifiques internationales, il est devenu depuis 10 ans un m\u00e9diateur au service du patrimoine pal\u00e9ontologique de l&rsquo;Aunis et de la Saintonge, via de multiples conf\u00e9rences, des co-r\u00e9alisations de documentaires, des reportages sur ses activit\u00e9s et son mus\u00e9e et des articles ou ouvrages grand public.<\/p>\n\n<p>Thierry Bouyer, g\u00e9om\u00e8tre \u00e0 la retraite, est passionn\u00e9 d&rsquo;histoire et de g\u00e9ographie, particuli\u00e8rement int\u00e9ress\u00e9 par l&rsquo;\u00e9volution des cartes de l&rsquo;Aunis et de la Saintonge. Depuis une quinzaine d&rsquo;ann\u00e9es, il a anim\u00e9 des dizaines de conf\u00e9rences sur la cartographie ancienne de l&rsquo;Aunis. Gr\u00e2ce \u00e0 ses expos\u00e9s, on d\u00e9couvre ainsi l&rsquo;Aunis \u00e0 travers 2000 ans de cartographie. Son int\u00e9r\u00eat se porte plus particuli\u00e8rement sur Claude Masse (1652-1737), ing\u00e9nieur g\u00e9ographe fran\u00e7ais du XVII<sup>e<\/sup> si\u00e8cle qui a produit la premi\u00e8re carte topographique du Poitou-Charentes.<\/p>\n<\/div>\n","protected":false},"excerpt":{"rendered":"<p>Prix de l&rsquo;\u00cele de R\u00e9 Pierre Miramand, \u00c9ric D\u00e9pr\u00e9, Thierry Bouyer pour leur ouvrage Pal\u00e9ontologie de l&rsquo;Aunis, sur les traces d&rsquo;Alcide d&rsquo;Orbigny Rapport : Didier [&hellip;]<\/p>\n","protected":false},"author":5,"featured_media":3058,"comment_status":"closed","ping_status":"closed","sticky":false,"template":"","format":"standard","meta":{"_acf_changed":false,"footnotes":""},"categories":[227,4,231],"tags":[],"class_list":["post-3057","post","type-post","status-publish","format-standard","has-post-thumbnail","hentry","category-227","category-archives","category-palmares-2021"],"acf":[],"_links":{"self":[{"href":"https:\/\/academie-saintonge.org\/index.php?rest_route=\/wp\/v2\/posts\/3057","targetHints":{"allow":["GET"]}}],"collection":[{"href":"https:\/\/academie-saintonge.org\/index.php?rest_route=\/wp\/v2\/posts"}],"about":[{"href":"https:\/\/academie-saintonge.org\/index.php?rest_route=\/wp\/v2\/types\/post"}],"author":[{"embeddable":true,"href":"https:\/\/academie-saintonge.org\/index.php?rest_route=\/wp\/v2\/users\/5"}],"replies":[{"embeddable":true,"href":"https:\/\/academie-saintonge.org\/index.php?rest_route=%2Fwp%2Fv2%2Fcomments&post=3057"}],"version-history":[{"count":9,"href":"https:\/\/academie-saintonge.org\/index.php?rest_route=\/wp\/v2\/posts\/3057\/revisions"}],"predecessor-version":[{"id":3573,"href":"https:\/\/academie-saintonge.org\/index.php?rest_route=\/wp\/v2\/posts\/3057\/revisions\/3573"}],"wp:featuredmedia":[{"embeddable":true,"href":"https:\/\/academie-saintonge.org\/index.php?rest_route=\/wp\/v2\/media\/3058"}],"wp:attachment":[{"href":"https:\/\/academie-saintonge.org\/index.php?rest_route=%2Fwp%2Fv2%2Fmedia&parent=3057"}],"wp:term":[{"taxonomy":"category","embeddable":true,"href":"https:\/\/academie-saintonge.org\/index.php?rest_route=%2Fwp%2Fv2%2Fcategories&post=3057"},{"taxonomy":"post_tag","embeddable":true,"href":"https:\/\/academie-saintonge.org\/index.php?rest_route=%2Fwp%2Fv2%2Ftags&post=3057"}],"curies":[{"name":"wp","href":"https:\/\/api.w.org\/{rel}","templated":true}]}}