{"id":332,"date":"2015-08-03T16:41:04","date_gmt":"2015-08-03T15:41:04","guid":{"rendered":"http:\/\/academie-saintonge.org\/?p=332"},"modified":"2016-02-18T23:12:41","modified_gmt":"2016-02-18T22:12:41","slug":"iii-hesitations-de-martin-civat","status":"publish","type":"post","link":"https:\/\/academie-saintonge.org\/?p=332","title":{"rendered":"III. H\u00e9sitations de Martin-Civat"},"content":{"rendered":"<div class=\"text\" align=\"justify\">\n<p>Le 9 f\u00e9vrier 1961, Pierre Martin-Civat succ\u00e8de comme directeur \u00e0 Jean Sorillet. Il est l&rsquo;\u00e9vident ma\u00eetre-Jacques de tout ce qui se fait \u00e0 Cognac en mati\u00e8re culturelle, \u00e9tudes \u00e9rudites comme soir\u00e9es r\u00e9cr\u00e9atives. Malheureusement, ses deux ann\u00e9es de direction sont marqu\u00e9es par une crise interne. Coup sur coup, deux conf\u00e9rences du cycle Tonnellier aboutissent \u00e0 des \u00e9checs mettant \u00e0 sec les finances de l&rsquo;Acad\u00e9mie, si bien qu&rsquo;elle d\u00e9cide d&rsquo;en abandonner le principe. D&rsquo;autre part et sans doute corr\u00e9lativement, la mairie de Saintes ne renouvelle pas sa subvention. Qui plus est, des difficult\u00e9s naissent \u00e0 propos de l&rsquo;\u00e9lection de deux nouveaux membres, alors que jusque-l\u00e0 aucun probl\u00e8me ne s&rsquo;\u00e9tait pr\u00e9sent\u00e9, ni pour le choix de Louis Desgraves ni pour celui d&rsquo;Henri Marchat. Le 17 septembre 1961, apr\u00e8s une longue bataille de proc\u00e9dure men\u00e9e par les anciens du Pays d&rsquo;Ouest, car la majorit\u00e9 des candidats se trouvent \u00eatre d&rsquo;origine saintaise, on parvient \u00e0 un compromis autour des noms de Marie de Butlar qui succ\u00e8de \u00e0 H\u00e9lie de Bremond d&rsquo;Ars-Migr\u00e9 au premier si\u00e8ge et de Louis Suire qui remplace Pierre Audiat au treizi\u00e8me. Une Saintaise, un Rochelais, l&rsquo;\u00e9quilibre se voit respect\u00e9 ; accueillir en son sein une po\u00e9tesse et le grand peintre du littoral charentais renforce l&rsquo;universalit\u00e9 et la notori\u00e9t\u00e9 de l&rsquo;Acad\u00e9mie. Le fait sera sensible plus tard&#8230;<\/p>\n<p>Le projet de Pierre Martin-Civat est de recr\u00e9er une soci\u00e9t\u00e9 savante, ax\u00e9e autour de la Saintonge et compl\u00e9mentaire \u00e0 l&rsquo;Institut d&rsquo;histoire et d&rsquo;arch\u00e9ologie de Cognac et du Cogna\u00e7ais qu&rsquo;il vient de fonder en 1956. Il pr\u00e9voit un \u00e9largissement de l&rsquo;audience gr\u00e2ce \u00e0 des membres correspondants, un cycle de conf\u00e9rences et un bulletin de liaison ron\u00e9ot\u00e9. Interpr\u00e9tant de fa\u00e7on aussi d\u00e9cal\u00e9e les premiers pas de l&rsquo;Acad\u00e9mie, il n&rsquo;entra\u00eene nullement l&rsquo;adh\u00e9sion. On comprend la d\u00e9ception de celui qui signait volontiers ses po\u00e8mes du pseudonyme de Jean Saintonge&#8230; Cette ann\u00e9e 1961 se signale d&rsquo;ailleurs par l&rsquo;absence de s\u00e9ance publique annuelle et, si on en organise une de rattrapage le 18 f\u00e9vrier 1962 pour la r\u00e9ception de Marie de Butlar et de Louis Suire, l&rsquo;esprit n&rsquo;y est pas et le manque de tr\u00e9sorerie emp\u00eache la distribution de prix. De m\u00eame, l&rsquo;id\u00e9e de remettre le prix de Saintonge 1962 \u00e0 Madeleine Bernardin pour <em>Saintonge que j&rsquo;aime<\/em>, lors de l&rsquo;entracte de <em>L&rsquo;Ouillette<\/em>, la pi\u00e8ce que joue Odette Comandon au th\u00e9\u00e2tre de Saintes devant une ouillette, c&rsquo;est-\u00e0-dire un micro, ne convainc ni le public, ni surtout les acad\u00e9miciens.<\/p>\n<\/div>\n","protected":false},"excerpt":{"rendered":"<p>Le 9 f\u00e9vrier 1961, Pierre Martin-Civat succ\u00e8de comme directeur \u00e0 Jean Sorillet. Il est l&rsquo;\u00e9vident ma\u00eetre-Jacques de tout ce qui se fait \u00e0 Cognac en [&hellip;]<\/p>\n","protected":false},"author":5,"featured_media":0,"comment_status":"open","ping_status":"open","sticky":false,"template":"","format":"standard","meta":{"_acf_changed":false,"footnotes":""},"categories":[66,105,43,12],"tags":[],"class_list":["post-332","post","type-post","status-publish","format-standard","hentry","category-66","category-40-annees-d-academie-1997","category-chapitres-de-lhistorique","category-historique"],"acf":[],"_links":{"self":[{"href":"https:\/\/academie-saintonge.org\/index.php?rest_route=\/wp\/v2\/posts\/332","targetHints":{"allow":["GET"]}}],"collection":[{"href":"https:\/\/academie-saintonge.org\/index.php?rest_route=\/wp\/v2\/posts"}],"about":[{"href":"https:\/\/academie-saintonge.org\/index.php?rest_route=\/wp\/v2\/types\/post"}],"author":[{"embeddable":true,"href":"https:\/\/academie-saintonge.org\/index.php?rest_route=\/wp\/v2\/users\/5"}],"replies":[{"embeddable":true,"href":"https:\/\/academie-saintonge.org\/index.php?rest_route=%2Fwp%2Fv2%2Fcomments&post=332"}],"version-history":[{"count":1,"href":"https:\/\/academie-saintonge.org\/index.php?rest_route=\/wp\/v2\/posts\/332\/revisions"}],"predecessor-version":[{"id":333,"href":"https:\/\/academie-saintonge.org\/index.php?rest_route=\/wp\/v2\/posts\/332\/revisions\/333"}],"wp:attachment":[{"href":"https:\/\/academie-saintonge.org\/index.php?rest_route=%2Fwp%2Fv2%2Fmedia&parent=332"}],"wp:term":[{"taxonomy":"category","embeddable":true,"href":"https:\/\/academie-saintonge.org\/index.php?rest_route=%2Fwp%2Fv2%2Fcategories&post=332"},{"taxonomy":"post_tag","embeddable":true,"href":"https:\/\/academie-saintonge.org\/index.php?rest_route=%2Fwp%2Fv2%2Ftags&post=332"}],"curies":[{"name":"wp","href":"https:\/\/api.w.org\/{rel}","templated":true}]}}