{"id":346,"date":"2015-08-03T16:34:54","date_gmt":"2015-08-03T15:34:54","guid":{"rendered":"http:\/\/academie-saintonge.org\/?p=346"},"modified":"2016-02-18T23:15:25","modified_gmt":"2016-02-18T22:15:25","slug":"x-les-dix-glorieuses-de-jean-glenisson","status":"publish","type":"post","link":"https:\/\/academie-saintonge.org\/?p=346","title":{"rendered":"X. Les dix glorieuses de Jean Gl\u00e9nisson"},"content":{"rendered":"<div class=\"text\" align=\"justify\">\n<p>Le 17 f\u00e9vrier 1982, Jean Gl\u00e9nisson devient directeur de l&rsquo;Acad\u00e9mie. Le savant chartiste, passionn\u00e9 d&rsquo;identit\u00e9 r\u00e9gionale, succ\u00e8de \u00e0 l&rsquo;homme du monde. Il va donner \u00e0 l&rsquo;Acad\u00e9mie une impulsion que jamais auparavant elle n&rsquo;avait connue. Renfor\u00e7ant ses assises, accentuant son r\u00f4le de jury par une constante volont\u00e9 d&rsquo;exigence et situant son image et sa notori\u00e9t\u00e9 au plus haut gr\u00e2ce \u00e0 des parrainages culturels de prestige, il appara\u00eet comme le grand directeur de l&rsquo;histoire de l&rsquo;Acad\u00e9mie.<\/p>\n<p>Lors de son discours de r\u00e9ception du 29 ao\u00fbt 1976, \u00e0 la fa\u00e7on de l&rsquo;archiviste Saniette que Swann admirait tant, avec \u00ab dans la. bouche [&#8230;] une bouillie qui \u00e9tait adorable parce qu&rsquo;on sentait qu&rsquo;elle trahissait [&#8230;] une qualit\u00e9 de l&rsquo;\u00e2me \u00bb, il avait fortement marqu\u00e9 son auditoire par l&rsquo;\u00e9vocation \u00e0 la fois innocente et malicieuse de Caius Julius Macer, ce soldat santon parti commander une aile de cavalerie dans ce qui est aujourd&rsquo;hui la Hongrie, qu&rsquo;il consid\u00e8re comme l&rsquo;anc\u00eatre de la diaspora administrative charentaise et qui est \u00e0 ses yeux le symbole de l&rsquo;attachement d\u00e9chir\u00e9 des \u00ab exil\u00e9s \u00bb \u00e0 leur petite patrie. Sa participation aux travaux de l&rsquo;Acad\u00e9mie, disait-il alors, serait vou\u00e9e \u00e0 exprimer son retour au pays, comme Macer l&rsquo;avait fait en pr\u00e9voyant son mausol\u00e9e saintais. Ce sentiment fort d&rsquo;un devoir vis-\u00e0-vis de la Saintonge animera en effet sa longue direction et sera ressenti par tous.<\/p>\n<p>L&rsquo;une de ses premi\u00e8res pr\u00e9occupations est de renouveler le bureau de l&rsquo;Acad\u00e9mie : avec Louis Maurin comme directeur-adjoint vite remplac\u00e9 par Roger Bonniot, Claude Pajany comme secr\u00e9taire et Pauline Reverchon comme tr\u00e9sori\u00e8re, c&rsquo;est chose faite d\u00e8s 1983. Il souhaite ensuite rajeunir la compagnie pour lui assurer une vitalit\u00e9 plus soutenue. L&rsquo;id\u00e9e lui est souffl\u00e9e par Roger Bonniot, le constant innovateur de l&rsquo;Acad\u00e9mie : encore une fois, il sugg\u00e8re d&rsquo;augmenter le nombre des acad\u00e9miciens, en passant de vingt-deux \u00e0 vingt-cinq si\u00e8ges, tout en \u00e9lisant un vivier de \u00ab jeunes \u00bb et de personnalit\u00e9s attach\u00e9es \u00e0 la r\u00e9gion. Une liste de noms est \u00e9tablie et le 4 f\u00e9vrier 1984, sont \u00e9lus cinq acad\u00e9miciens. Deux d&rsquo;entre eux remplacent des coll\u00e8gues disparus: Jacques Duguet au 15e si\u00e8ge succ\u00e8de \u00e0 Pierre Martin-Civat et Jean Prasteau au 19e si\u00e8ge \u00e0 Pierre Fort ; trois autres, en revanche, inaugurent un nouveau si\u00e8ge : Jean Flouret, Fran\u00e7ois Julien-Labruy\u00e8re et Jean Favier.<\/p>\n<p>Ce souci de renforcer l&rsquo;Acad\u00e9mie par des personnalit\u00e9s d&rsquo;origine diversifi\u00e9e reste constant tout au long de sa direction. Jehan de Latour de Geay en 1985, Jean Duch\u00e9 en 1986, Madeleine Chapsal en 1987, ou encore R\u00e9my Tessonneau et Christian Genet en 1989, toutes recrues de l&rsquo;\u00e8re Gl\u00e9nisson, illustrent bien le propos : leurs horizons g\u00e9ographiques ou intellectuels sont vari\u00e9s ; ils poss\u00e8dent tous, en revanche, le point commun, comme Macer, de s&rsquo;\u00eatre illustr\u00e9s en dehors de leur r\u00e9gion et de vouloir d\u00e9sormais s&rsquo;y retrouver .<\/p>\n<p>L&rsquo;influence de Jean Gl\u00e9nisson se manifeste \u00e9galement dans l&rsquo;exigence quasi scientifique qu&rsquo;il imprime au choix des prix. Avec lui, les th\u00e8ses universitaires se substituent volontiers aux travaux plus modestes des chercheurs locaux et le palmar\u00e8s de l&rsquo;Acad\u00e9mie gagne un caract\u00e8re s\u00e9rieux qu&rsquo;il n&rsquo;avait pas toujours aussi fortement observ\u00e9. Des ann\u00e9es comme 1985, 1986 ou 1988 sont caract\u00e9ristiques de cet \u00e9lan donn\u00e9 vers plus de rigueur. Sans toutefois tomber dans l&rsquo;oeill\u00e8re des mandarins&#8230; Le prouverait entre autres le palmar\u00e8s de cette ann\u00e9e inspir\u00e9e que fut 1985 : deux th\u00e8ses, celles de Debord et de Luc, un livre p\u00e9dagogique, deux t\u00e9moignages, dont celui, tr\u00e8s savoureux, du cheminot saintais P\u00e9roche et les fameux portraits d&rsquo;\u00e9crivains de Madeleine Chapsal font montre d&rsquo;un bel \u00e9clectisme offrant un \u00e9ventail allant de la gravit\u00e9 historique \u00e0 l&rsquo;\u00e9motion des souvenirs . Il convient d&rsquo;ajouter que c&rsquo;est dans cet esprit de qualit\u00e9 que l&rsquo;Acad\u00e9mie prend alors l&rsquo;habitude de d\u00e9cerner des prix pour \u00ab l&rsquo;ensemble d&rsquo;une \u0153uvre \u00bb.<\/p>\n<p>Un volet tout aussi notable de l&rsquo;action de Jean Gl\u00e9nisson reste sa fa\u00e7on si particuli\u00e8re de dresser le panorama de la culture r\u00e9gionale lors des s\u00e9ances publiques annuelles. L&rsquo;id\u00e9e n&rsquo;est pas de lui ; elle date m\u00eame des premiers pas de l&rsquo;Acad\u00e9mie et ses pr\u00e9d\u00e9cesseurs s&rsquo;y sont tous livr\u00e9s avec leur talent personnel, un Tonnellier n&rsquo;h\u00e9sitant pas \u00e0 manier la s\u00e9v\u00e9rit\u00e9, un Chasseloup-Laubat pr\u00e9f\u00e9rant le beau panache des \u00ab mus\u00e9es imaginaires \u00bb, Odette Comandon faisant les d\u00e9lices de la salle avec un grand sens de la plaisanterie, Pierre-Henri Simon la sublimant en philosophe du temps pr\u00e9sent et le g\u00e9n\u00e9ral Mesnard la charmant en n&rsquo;oubliant jamais le compliment. Jean Gl\u00e9nisson, lui, remet toujours en perspective le panorama qu&rsquo;il d\u00e9roule devant son public, \u00e0 la fois au plan des recherches scientifiques les plus actuelles et \u00e0 celui des significations en termes d&rsquo;identit\u00e9 r\u00e9gionale. L&rsquo;id\u00e9e de Saintonge en ressort grandie, comme rassur\u00e9e d&rsquo;elle-m\u00eame au contact de l&rsquo;esprit du large.<\/p>\n<p>Cependant, c&rsquo;est avec le projet de donner \u00e0 certaines manifestations culturelles le \u00ab label \u00bb de l&rsquo;Acad\u00e9mie, qu&rsquo;il transforme ainsi en marraine, que Jean Gl\u00e9nisson la porte au plus haut. D\u00e8s 1983, il propose de lancer une actualisation de la \u00ab biographie saintongeaise \u00bb. Longtemps \u00e0 l&rsquo;\u00e9tat de sp\u00e9culation, le projet prend corps avec un ouvrage consacr\u00e9 aux Grands Charentais, r\u00e9dig\u00e9 par les acad\u00e9miciens de Saintonge, associ\u00e9s \u00e0 ceux de La Rochelle et d&rsquo;Angoumois, et plac\u00e9 sous le patronage des trois acad\u00e9mies charentaises.<\/p>\n<p>Mais c&rsquo;est en parrainant l&rsquo;organisation d&rsquo;expositions que Jean Gl\u00e9nisson donne \u00e0 la compagnie un lustre singulier. En 1985, pour c\u00e9l\u00e9brer le troisi\u00e8me centenaire de la r\u00e9vocation de l&rsquo;\u00e9dit de Nantes, il sait f\u00e9d\u00e9rer des \u00e9nergies et des budgets au nom de l&rsquo;Acad\u00e9mie de Saintonge et de l&rsquo;Universit\u00e9 francophone d&rsquo;\u00e9t\u00e9 Saintonge-Qu\u00e9bec, autour d&rsquo;un projet centr\u00e9 sur le huguenot par excellence qu&rsquo;\u00e9tait le Saintongeais Agrippa d&rsquo;Aubign\u00e9. Le jour de l&rsquo;inauguration, le pr\u00e9sident de la R\u00e9publique, Fran\u00e7ois Mitterrand, coupe le cordon et visite longuement l&rsquo;exposition, impressionn\u00e9 par la qualit\u00e9 des objets et documents pr\u00e9sent\u00e9s, ainsi que par leurs commentaires, mais surtout par une tapisserie du mus\u00e9e d&rsquo;\u00c9couen repr\u00e9sentant la bataille de Jarnac, que lui, l&rsquo;enfant de Jarnac, ne connaissait pas. Ce succ\u00e8s, outre qu&rsquo;il rehausse la r\u00e9putation de l&rsquo;Acad\u00e9mie, lui assure quelques ann\u00e9es d&rsquo;aisance mat\u00e9rielle, gr\u00e2ce au surplus de budgets publics qu\u2019il g\u00e9n\u00e9ra &#8230;<\/p>\n<\/div>\n","protected":false},"excerpt":{"rendered":"<p>Le 17 f\u00e9vrier 1982, Jean Gl\u00e9nisson devient directeur de l&rsquo;Acad\u00e9mie. Le savant chartiste, passionn\u00e9 d&rsquo;identit\u00e9 r\u00e9gionale, succ\u00e8de \u00e0 l&rsquo;homme du monde. Il va donner \u00e0 [&hellip;]<\/p>\n","protected":false},"author":5,"featured_media":0,"comment_status":"open","ping_status":"open","sticky":false,"template":"","format":"standard","meta":{"_acf_changed":false,"footnotes":""},"categories":[66,105,43,12],"tags":[],"class_list":["post-346","post","type-post","status-publish","format-standard","hentry","category-66","category-40-annees-d-academie-1997","category-chapitres-de-lhistorique","category-historique"],"acf":[],"_links":{"self":[{"href":"https:\/\/academie-saintonge.org\/index.php?rest_route=\/wp\/v2\/posts\/346","targetHints":{"allow":["GET"]}}],"collection":[{"href":"https:\/\/academie-saintonge.org\/index.php?rest_route=\/wp\/v2\/posts"}],"about":[{"href":"https:\/\/academie-saintonge.org\/index.php?rest_route=\/wp\/v2\/types\/post"}],"author":[{"embeddable":true,"href":"https:\/\/academie-saintonge.org\/index.php?rest_route=\/wp\/v2\/users\/5"}],"replies":[{"embeddable":true,"href":"https:\/\/academie-saintonge.org\/index.php?rest_route=%2Fwp%2Fv2%2Fcomments&post=346"}],"version-history":[{"count":1,"href":"https:\/\/academie-saintonge.org\/index.php?rest_route=\/wp\/v2\/posts\/346\/revisions"}],"predecessor-version":[{"id":347,"href":"https:\/\/academie-saintonge.org\/index.php?rest_route=\/wp\/v2\/posts\/346\/revisions\/347"}],"wp:attachment":[{"href":"https:\/\/academie-saintonge.org\/index.php?rest_route=%2Fwp%2Fv2%2Fmedia&parent=346"}],"wp:term":[{"taxonomy":"category","embeddable":true,"href":"https:\/\/academie-saintonge.org\/index.php?rest_route=%2Fwp%2Fv2%2Fcategories&post=346"},{"taxonomy":"post_tag","embeddable":true,"href":"https:\/\/academie-saintonge.org\/index.php?rest_route=%2Fwp%2Fv2%2Ftags&post=346"}],"curies":[{"name":"wp","href":"https:\/\/api.w.org\/{rel}","templated":true}]}}