{"id":734,"date":"2015-08-05T13:56:35","date_gmt":"2015-08-05T12:56:35","guid":{"rendered":"http:\/\/academie-saintonge.org\/?p=734"},"modified":"2016-01-28T11:04:08","modified_gmt":"2016-01-28T10:04:08","slug":"contributions-personnelles-des-academiciens-depuis-octobre-2005-2","status":"publish","type":"post","link":"https:\/\/academie-saintonge.org\/?p=734","title":{"rendered":"Contributions personnelles des Acad\u00e9miciens depuis octobre 2005"},"content":{"rendered":"<p>Jacques Badois : participation \u00e0 la r\u00e9daction du livre c\u00e9l\u00e9brant le cinquantenaire de l&rsquo;Acad\u00e9mie.<\/p>\n<p>Nicole Bertin : exposition de photos de l&rsquo;estuaire de la Gironde \u00e0 Saintes en novembre 2005, participation \u00e0 la r\u00e9daction du livre c\u00e9l\u00e9brant le cinquantenaire de l&rsquo;Acad\u00e9mie..<\/p>\n<p>Alain Braastad : conf\u00e9rence en f\u00e9vrier 2006 sur Jarnac et ses morts dans le pass\u00e9, participation \u00e0 la r\u00e9daction du livre c\u00e9l\u00e9brant le cinquantenaire de l&rsquo;Acad\u00e9mie..<\/p>\n<p>Madeleine Chapsal : publications chez Fayard en octobre 2005 et mars 2006: Le Certain \u00c2ge et Le Charme des liaisons ; publication au Grand Livre du mois en f\u00e9vier 2006 de La Femme \u00e0 l&rsquo;\u00e9charpe, texte qui \u00e9voque longuement sa maison de Saintes ; participation \u00e0 la r\u00e9daction du livre c\u00e9l\u00e9brant le cinquantenaire de l&rsquo;Acad\u00e9mie.<\/p>\n<p>Jean Combes : participation \u00e0 la r\u00e9daction du livre c\u00e9l\u00e9brant le cinquantenaire de l&rsquo;Acad\u00e9mie.<\/p>\n<p>Michel Danglade : participation \u00e0 la r\u00e9daction du livre c\u00e9l\u00e9brant le cinquantenaire de l&rsquo;Acad\u00e9mie.<\/p>\n<p>Jacques Dassi\u00e9 : participation \u00e0 l&rsquo;illustration du livre c\u00e9l\u00e9brant le cinquantenaire de l&rsquo;Acad\u00e9mie. Conf\u00e9rence \u00e0 Barzan. Exposition d&rsquo;arch\u00e9ologie a\u00e9rienne, a\u00e9roport de Rochefort. Interview sur Radio-Pons. Maintenance et augmentation du site internetde l&rsquo;Acad\u00e9mie de Saintonge. S\u00e9lections pour l&rsquo;attribution de la M\u00e9daille internet. Participation \u00e0 l&rsquo;illustration de nombreuses revues.<\/p>\n<p>Jean-Claude Dubois : publication de Nouveau Vagabondage et chants d&rsquo;\u00e9ternit\u00e9, un recueil de 232 sonnets, pr\u00e9fac\u00e9 par Jean Mesnard.<br \/>\nJacques Duguet<\/p>\n<p>Pascal Even : publication de \u00ab Un Collectionneur du Grand Si\u00e8cle : l&rsquo;intendant Michel B\u00e9gon \u00bb dans la Revue de la Saintonge et de l Aunis, participation \u00e0 la r\u00e9daction du livre c\u00e9l\u00e9brant le cinquantenaire de l&rsquo;Acad\u00e9mie.<\/p>\n<p>Marc Fardet : concert de l&rsquo;\u00c9piphanie avec l&rsquo;Ensemble de la Corderie royale.<\/p>\n<p>Jean Flouret : publication de \u00ab Une Famille d&rsquo;\u00e9rudits rochelais : les Richard \u00bb dans le tome XXXI de la Revue de la Saintonge et de l Aunis dont il coordonne la r\u00e9alisation, participation \u00e0 la r\u00e9daction du livre c\u00e9l\u00e9brant le cinquantenaire de l&rsquo;Acad\u00e9mie..<\/p>\n<p>Jacqueline Fortin : organisation de la \u00ab matin\u00e9e Gouleben\u00e9ze \u00bb et de la dixi\u00e8me \u00e9dition du Festival du th\u00e9\u00e2tre poitevin-saintongeais, participation \u00e0 la r\u00e9daction du livre c\u00e9l\u00e9brant le cinquantenaire de l&rsquo;Acad\u00e9mie..<\/p>\n<p>Christian Genet : une grande vente en mai 2006 \u00e0 l&rsquo;h\u00f4tel Drouot est l&rsquo;occasion de signaler les talents de Christian Genet comme collectionneur de documents dada\u00efstes et surr\u00e9alistes (lettres, dessins, affiches, plaquettes et autographes&#8230;) dont la reproduction fait l&rsquo;objet d&rsquo;un somptueux catalogue.<\/p>\n<p>Jean Gl\u00e9nisson : lancement en d\u00e9cembre 2005 de la collection Histoire de l&rsquo;Aunis et de la Saintonge qui comprendra six volumes et s&rsquo;\u00e9talera sur plusieurs ann\u00e9es, \u00e0 l&rsquo;occasion du premier sorti, le tome III d\u00fb \u00e0 Marc Seguin (Le D\u00e9but des temps modernes 1480-1610), publication du tome LVII des Archives historiques de la Saintonge et de l&rsquo;Aunis consacr\u00e9 \u00e0 L&rsquo;Arm\u00e9e d&rsquo;Aunis devant La Rochelle, participation \u00e0 la r\u00e9daction du livre c\u00e9l\u00e9brant le cinquantenaire de l&rsquo;Acad\u00e9mie.<\/p>\n<p>Charly Grenon : pr\u00e9paration d&rsquo;un ouvrage de r\u00e9f\u00e9rence sur Gouleben\u00e9ze.<\/p>\n<p>Francette Joanne : commissariat de l&rsquo;exposition sur Le Bois et l&rsquo;avion \u00e0 la Maison de la for\u00eat de MontlieuLa-Garde.<\/p>\n<p>Fran\u00e7ois Julien-Labruy\u00e8re : sortie du Dictionnaire biographique des Charentais (Le Cro\u00eet vif, octobre 2005) dont il a assur\u00e9 la coordination et une partie de la r\u00e9daction ; outre lui-m\u00eame, plusieurs acad\u00e9miciens ont particip\u00e9 \u00e0 cet ouvrage de r\u00e9f\u00e9rence : Jacques Duguet, Marc Fardet, Jean Flouret, Charly Grenon, Louis Maurin, Alain Michaud, Pauline Reverchon et Marc Seguin. L&rsquo;ouvrage est parrain\u00e9 par l&rsquo;Acad\u00e9mie de Saintonge, aux c\u00f4t\u00e9s de celles de La Rochelle et d&rsquo;Angoumois ; il est soutenu par les conseils g\u00e9n\u00e9raux de Charente et de Charente-Maritime. Coordination du livre c\u00e9l\u00e9brant le cinquantenaire de l&rsquo;Acad\u00e9mie.<\/p>\n<p>Violaine Massenet<\/p>\n<p>Louis Maurin<\/p>\n<p>Jean Mesnard : participation \u00e0 la r\u00e9daction du livre c\u00e9l\u00e9brant le cinquantenaire de l&rsquo;Acad\u00e9mie.<\/p>\n<p>Alain Michaud : Coordination de la documentation et des archives des recherches sur l&rsquo;aqueduc galloromain de Saintes, participation \u00e0 la r\u00e9daction du livre c\u00e9l\u00e9brant le cinquantenaire de l&rsquo;Acad\u00e9mie.<\/p>\n<p>Marie-Dominique Montel : cr\u00e9ation de Violon d&rsquo;Ingres, une \u00e9mission hebdomadaire sur France-Musique consacr\u00e9e \u00e0 la musique en litt\u00e9rature (jeudi, 13H40), participation \u00e0 la r\u00e9daction du livre c\u00e9l\u00e9brant le cinquantenaire de l&rsquo;Acad\u00e9mie.<\/p>\n<p>Bernard Mounier : publication avec Patrick Henniquau de Lorsque les gens d&rsquo;ici d\u00e9couvraient l&rsquo;Am\u00e9rique (Bonne Anse, d\u00e9cembre 2005), livret inspir\u00e9 de l&rsquo;exposition du m\u00eame nom pr\u00e9sent\u00e9e \u00e0 Royan en \u00e9t\u00e9 2005, participation \u00e0 la r\u00e9daction du livre c\u00e9l\u00e9brant le cinquantenaire de l&rsquo;Acad\u00e9mie..<\/p>\n<p>Claude Pajany : participation \u00e0 la r\u00e9daction du livre c\u00e9l\u00e9brant le cinquantenaire de l&rsquo;Acad\u00e9mie.<\/p>\n<p>Marc Seguin : publication en d\u00e9cembre 2005 du magistral D\u00e9but des temps modernes 1480-1610, tome III de l&rsquo;Histoire de l&rsquo;Aunis et de la Saintonge, collection que dirige Jean Gl\u00e9nisson, participation \u00e0 la r\u00e9daction du livre c\u00e9l\u00e9brant le cinquantenaire de l&rsquo;Acad\u00e9mie..<\/p>\n","protected":false},"excerpt":{"rendered":"<p>Jacques Badois : participation \u00e0 la r\u00e9daction du livre c\u00e9l\u00e9brant le cinquantenaire de l&rsquo;Acad\u00e9mie. Nicole Bertin : exposition de photos de l&rsquo;estuaire de la Gironde [&hellip;]<\/p>\n","protected":false},"author":5,"featured_media":0,"comment_status":"open","ping_status":"open","sticky":false,"template":"","format":"standard","meta":{"_acf_changed":false,"footnotes":""},"categories":[85,4,137],"tags":[],"class_list":["post-734","post","type-post","status-publish","format-standard","hentry","category-85","category-archives","category-contributions-2006"],"acf":[],"_links":{"self":[{"href":"https:\/\/academie-saintonge.org\/index.php?rest_route=\/wp\/v2\/posts\/734","targetHints":{"allow":["GET"]}}],"collection":[{"href":"https:\/\/academie-saintonge.org\/index.php?rest_route=\/wp\/v2\/posts"}],"about":[{"href":"https:\/\/academie-saintonge.org\/index.php?rest_route=\/wp\/v2\/types\/post"}],"author":[{"embeddable":true,"href":"https:\/\/academie-saintonge.org\/index.php?rest_route=\/wp\/v2\/users\/5"}],"replies":[{"embeddable":true,"href":"https:\/\/academie-saintonge.org\/index.php?rest_route=%2Fwp%2Fv2%2Fcomments&post=734"}],"version-history":[{"count":1,"href":"https:\/\/academie-saintonge.org\/index.php?rest_route=\/wp\/v2\/posts\/734\/revisions"}],"predecessor-version":[{"id":735,"href":"https:\/\/academie-saintonge.org\/index.php?rest_route=\/wp\/v2\/posts\/734\/revisions\/735"}],"wp:attachment":[{"href":"https:\/\/academie-saintonge.org\/index.php?rest_route=%2Fwp%2Fv2%2Fmedia&parent=734"}],"wp:term":[{"taxonomy":"category","embeddable":true,"href":"https:\/\/academie-saintonge.org\/index.php?rest_route=%2Fwp%2Fv2%2Fcategories&post=734"},{"taxonomy":"post_tag","embeddable":true,"href":"https:\/\/academie-saintonge.org\/index.php?rest_route=%2Fwp%2Fv2%2Ftags&post=734"}],"curies":[{"name":"wp","href":"https:\/\/api.w.org\/{rel}","templated":true}]}}