{"id":914,"date":"2015-08-05T15:45:35","date_gmt":"2015-08-05T14:45:35","guid":{"rendered":"http:\/\/academie-saintonge.org\/?p=914"},"modified":"2016-02-03T15:23:05","modified_gmt":"2016-02-03T14:23:05","slug":"yvette-renaud-pour-ses-ouvrages-derudition","status":"publish","type":"post","link":"https:\/\/academie-saintonge.org\/?p=914","title":{"rendered":"Yvette Renaud pour ses ouvrages d\u2019\u00e9rudition"},"content":{"rendered":"<p>Rapport de Jacqueline Fortin<\/p>\n<p><a href=\"https:\/\/academie-saintonge.org\/wp-content\/uploads\/2015\/08\/renaud-1.jpg\"><img loading=\"lazy\" decoding=\"async\" class=\"size-medium wp-image-915 alignleft\" src=\"https:\/\/academie-saintonge.org\/wp-content\/uploads\/2015\/08\/renaud-1-212x300.jpg\" alt=\"renaud-1\" width=\"212\" height=\"300\" \/><\/a> <a href=\"https:\/\/academie-saintonge.org\/wp-content\/uploads\/2015\/08\/renaud-2.jpg\"><img loading=\"lazy\" decoding=\"async\" class=\"size-medium wp-image-916 alignleft\" src=\"https:\/\/academie-saintonge.org\/wp-content\/uploads\/2015\/08\/renaud-2-211x300.jpg\" alt=\"renaud-2\" width=\"211\" height=\"300\" \/><\/a><\/p>\n<p>Angoumoisine, passionn\u00e9e par les recherches historiques et ethnologiques, c&rsquo;est une enseignante f\u00e9rue d\u2019informatique qui a initi\u00e9 avec le C.D.D.P. de la Charente, la collection \u00ab Culture et traditions charentaises \u00bb d\u00e8s 1991.<\/p>\n<p>Avec Mme Cadet, elle a co-sign\u00e9 : \u00ab Le goret en vous respectant \u00bb et \u00ab Moulins \u00e0 vent de Charente \u00bb.<br \/>\nAvec Camille L\u00e9pouchard, \u00ab Les d\u00e9buts de l\u2019aviation en Charente Poitou \u00bb.<br \/>\nAvec M. Diraison, \u00ab Chemins de fer en Charente \u00bb et \u00ab Voyages en Charente au temps de la vapeur \u00bb.<br \/>\nAvec B. Bentz, \u00ab Les rues d\u2019Angoul\u00eame \u00bb.<br \/>\nAvec le Foyer Arts et Loisirs, \u00ab Le Pays Manslois \u00bb.<\/p>\n<p>Seule, elle a produit un livre, sur Mathide Mir o\u00f9 \u00ab L\u2019engagement d\u2019une femme dans son temps \u00bb, r\u00e9sistante et membre fondateur de la Charente Libre, elle a permis aussi de sauvegarder , \u00ab les vieilles choses d\u2019Angoumois \u00bb, livre de contes et l\u00e9gendes. Un autre livre, tr\u00e8s illustr\u00e9 a permis de faire conna\u00eetre \u00ab Alfred Renoleau, c\u00e9ramiste charentais \u00bb ainsi que \u00ab l\u2019\u00c9cole en Charente avant Jules Ferry \u00bb.<br \/>\nOuvrages d&rsquo;Yvette RENAUD<\/p>\n","protected":false},"excerpt":{"rendered":"<p>Rapport de Jacqueline Fortin Angoumoisine, passionn\u00e9e par les recherches historiques et ethnologiques, c&rsquo;est une enseignante f\u00e9rue d\u2019informatique qui a initi\u00e9 avec le C.D.D.P. de la [&hellip;]<\/p>\n","protected":false},"author":5,"featured_media":915,"comment_status":"open","ping_status":"open","sticky":false,"template":"","format":"standard","meta":{"_acf_changed":false,"footnotes":""},"categories":[91,4,150],"tags":[],"class_list":["post-914","post","type-post","status-publish","format-standard","has-post-thumbnail","hentry","category-91","category-archives","category-palmares-2008"],"acf":[],"_links":{"self":[{"href":"https:\/\/academie-saintonge.org\/index.php?rest_route=\/wp\/v2\/posts\/914","targetHints":{"allow":["GET"]}}],"collection":[{"href":"https:\/\/academie-saintonge.org\/index.php?rest_route=\/wp\/v2\/posts"}],"about":[{"href":"https:\/\/academie-saintonge.org\/index.php?rest_route=\/wp\/v2\/types\/post"}],"author":[{"embeddable":true,"href":"https:\/\/academie-saintonge.org\/index.php?rest_route=\/wp\/v2\/users\/5"}],"replies":[{"embeddable":true,"href":"https:\/\/academie-saintonge.org\/index.php?rest_route=%2Fwp%2Fv2%2Fcomments&post=914"}],"version-history":[{"count":5,"href":"https:\/\/academie-saintonge.org\/index.php?rest_route=\/wp\/v2\/posts\/914\/revisions"}],"predecessor-version":[{"id":1666,"href":"https:\/\/academie-saintonge.org\/index.php?rest_route=\/wp\/v2\/posts\/914\/revisions\/1666"}],"wp:featuredmedia":[{"embeddable":true,"href":"https:\/\/academie-saintonge.org\/index.php?rest_route=\/wp\/v2\/media\/915"}],"wp:attachment":[{"href":"https:\/\/academie-saintonge.org\/index.php?rest_route=%2Fwp%2Fv2%2Fmedia&parent=914"}],"wp:term":[{"taxonomy":"category","embeddable":true,"href":"https:\/\/academie-saintonge.org\/index.php?rest_route=%2Fwp%2Fv2%2Fcategories&post=914"},{"taxonomy":"post_tag","embeddable":true,"href":"https:\/\/academie-saintonge.org\/index.php?rest_route=%2Fwp%2Fv2%2Ftags&post=914"}],"curies":[{"name":"wp","href":"https:\/\/api.w.org\/{rel}","templated":true}]}}