{"id":944,"date":"2015-08-05T16:02:38","date_gmt":"2015-08-05T15:02:38","guid":{"rendered":"http:\/\/academie-saintonge.org\/?p=944"},"modified":"2016-02-03T15:41:35","modified_gmt":"2016-02-03T14:41:35","slug":"michel-lis-pour-mes-saisons-en-saintonge-editions-bonne-anse-et-pour-lensemble-de-son-oeuvre","status":"publish","type":"post","link":"https:\/\/academie-saintonge.org\/?p=944","title":{"rendered":"Michel Lis pour Mes saisons en Saintonge Editions Bonne Anse, et pour l\u2019ensemble de son oeuvre"},"content":{"rendered":"<p>Rapport de Pierre Dumousseau<\/p>\n<p><a href=\"https:\/\/academie-saintonge.org\/wp-content\/uploads\/2015\/08\/lis.jpg\"><img loading=\"lazy\" decoding=\"async\" class=\"size-medium wp-image-945 alignleft\" src=\"https:\/\/academie-saintonge.org\/wp-content\/uploads\/2015\/08\/lis-201x300.jpg\" alt=\"lis\" width=\"201\" height=\"300\" srcset=\"https:\/\/academie-saintonge.org\/wp-content\/uploads\/2015\/08\/lis-201x300.jpg 201w, https:\/\/academie-saintonge.org\/wp-content\/uploads\/2015\/08\/lis.jpg 268w\" sizes=\"auto, (max-width: 201px) 100vw, 201px\" \/><\/a><a href=\"https:\/\/academie-saintonge.org\/wp-content\/uploads\/2015\/08\/saison-saintonge.jpg\"><img loading=\"lazy\" decoding=\"async\" class=\"size-medium wp-image-946 alignleft\" src=\"https:\/\/academie-saintonge.org\/wp-content\/uploads\/2015\/08\/saison-saintonge-210x300.jpg\" alt=\"saison-saintonge\" width=\"210\" height=\"300\" srcset=\"https:\/\/academie-saintonge.org\/wp-content\/uploads\/2015\/08\/saison-saintonge-210x300.jpg 210w, https:\/\/academie-saintonge.org\/wp-content\/uploads\/2015\/08\/saison-saintonge.jpg 280w\" sizes=\"auto, (max-width: 210px) 100vw, 210px\" \/><\/a><\/p>\n<p>\u00ab\u00a0L&rsquo;homme qui, chaque matin, met la France de bonne humeur\u00a0\u00bb &#8230; ainsi Alain Poher, alors Pr\u00e9sident du S\u00e9nat, qualifiait-il notre Grand Prix 2009. Pour Michel Drucker, il est \u00ab\u00a0le philosophe des fleurs, des arbres et des l\u00e9gumes, un jardinier doubl\u00e9 d&rsquo;un po\u00e8te authentique\u00a0\u00bb. Enfin, pour la majorit\u00e9 de nos concitoyens, ce fut une des voix les plus populaires de la radio (France Inter) et de la t\u00e9l\u00e9vision (T\u00e9l\u00e9matin).<br \/>\nMichel Lis, dit \u00ab\u00a0Michel le jardinier\u00a0\u00bb&#8230; l&rsquo;homme \u00e0 la moustache verte, a 72 ans et il anime toujours une rubrique radiophonique chaque samedi sur France-Bleu La Rochelle.<br \/>\nMichel avoue \u00eatre n\u00e9 \u00e0 l&rsquo;\u00e9tranger : Pamproux, Deux-S\u00e8vres! mais c&rsquo;est un saintongeais de racines et de c\u0153ur. Petit-fils d&rsquo;un cheminot charentais, fils de Pierre Lis enseignant, grand r\u00e9sistant et maire de Royan de 1979 \u00e0 1983, il n&rsquo;a jamais manqu\u00e9 d&rsquo;\u00e9voquer la Saintonge lors de ses nombreuses et vari\u00e9es chroniques m\u00e9diatiques.<br \/>\nIl est en outre l&rsquo;auteur d&rsquo;une quinzaine de livres, tour \u00e0 tour po\u00e9tiques ou didactiques, dans lesquels sourd toujours un humour gouleyant propre \u00e0 la finesse d&rsquo;esprit saintongeais. Il a ainsi publi\u00e9, entre autres, \u00ab\u00a0Les jardins de chez nous\u00a0\u00bb, \u00ab\u00a0Le dictionnaire du franc-parler\u00a0\u00bb, \u00ab\u00a0Mes jardins\u00a0\u00bb, \u00ab\u00a0La ganipote est dans<br \/>\nl\u2019 prunier\u00a0\u00bb&#8230; et, tout r\u00e9cemment, \u00ab\u00a0Le livre de bord du jardinier\u00a0\u00bb et \u00ab\u00a0Mes saisons en Saintonge\u00a0\u00bb.<br \/>\nD\u00e9finitivement (mais, qui sait ? &#8230;) retir\u00e9 \u00e0 Saintes, au bord de la Charente, il mitonne ses ouvrages litt\u00e9raires avec le m\u00eame amour que celui port\u00e9 \u00e0 ses cultures potag\u00e8res et continue \u00e0 s&rsquo;investir dans la vie culturelle locale en tant que Pr\u00e9sident, nouvellement \u00e9lu, du \u00a0\u00bb Club Saint Georges\u00a0\u00bb \u2013 association qui a pour mission de favoriser et encourager les activit\u00e9s culturelles et litt\u00e9raires en Saintonge.<br \/>\nPour la publication de son dernier livre \u00a0\u00bb Mes saisons en Saintonge \u00ab\u00a0, mais aussi pour l&rsquo;ensemble de son \u0153uvre, l&rsquo;Acad\u00e9mie de Saintonge a d\u00e9cid\u00e9 de lui attribuer son Grand Prix 2009, et c&rsquo;est pour moi un grand honneur d&rsquo;\u00eatre charg\u00e9 de lui remettre ce prix.<\/p>\n<p>&nbsp;<\/p>\n","protected":false},"excerpt":{"rendered":"<p>Rapport de Pierre Dumousseau \u00ab\u00a0L&rsquo;homme qui, chaque matin, met la France de bonne humeur\u00a0\u00bb &#8230; ainsi Alain Poher, alors Pr\u00e9sident du S\u00e9nat, qualifiait-il notre Grand [&hellip;]<\/p>\n","protected":false},"author":5,"featured_media":946,"comment_status":"open","ping_status":"open","sticky":false,"template":"","format":"standard","meta":{"_acf_changed":false,"footnotes":""},"categories":[92,4,155],"tags":[],"class_list":["post-944","post","type-post","status-publish","format-standard","has-post-thumbnail","hentry","category-92","category-archives","category-palmares-2009"],"acf":[],"_links":{"self":[{"href":"https:\/\/academie-saintonge.org\/index.php?rest_route=\/wp\/v2\/posts\/944","targetHints":{"allow":["GET"]}}],"collection":[{"href":"https:\/\/academie-saintonge.org\/index.php?rest_route=\/wp\/v2\/posts"}],"about":[{"href":"https:\/\/academie-saintonge.org\/index.php?rest_route=\/wp\/v2\/types\/post"}],"author":[{"embeddable":true,"href":"https:\/\/academie-saintonge.org\/index.php?rest_route=\/wp\/v2\/users\/5"}],"replies":[{"embeddable":true,"href":"https:\/\/academie-saintonge.org\/index.php?rest_route=%2Fwp%2Fv2%2Fcomments&post=944"}],"version-history":[{"count":6,"href":"https:\/\/academie-saintonge.org\/index.php?rest_route=\/wp\/v2\/posts\/944\/revisions"}],"predecessor-version":[{"id":1684,"href":"https:\/\/academie-saintonge.org\/index.php?rest_route=\/wp\/v2\/posts\/944\/revisions\/1684"}],"wp:featuredmedia":[{"embeddable":true,"href":"https:\/\/academie-saintonge.org\/index.php?rest_route=\/wp\/v2\/media\/946"}],"wp:attachment":[{"href":"https:\/\/academie-saintonge.org\/index.php?rest_route=%2Fwp%2Fv2%2Fmedia&parent=944"}],"wp:term":[{"taxonomy":"category","embeddable":true,"href":"https:\/\/academie-saintonge.org\/index.php?rest_route=%2Fwp%2Fv2%2Fcategories&post=944"},{"taxonomy":"post_tag","embeddable":true,"href":"https:\/\/academie-saintonge.org\/index.php?rest_route=%2Fwp%2Fv2%2Ftags&post=944"}],"curies":[{"name":"wp","href":"https:\/\/api.w.org\/{rel}","templated":true}]}}